{"id":28625,"date":"2016-09-19T13:12:47","date_gmt":"2016-09-19T13:12:47","guid":{"rendered":"http:\/\/plazajuarez.mx\/index\/index.php\/2016\/09\/19\/mexico-asume-responsabilidades-con-acuerdo-de-paris-dice-gamboa\/"},"modified":"2016-09-19T13:12:47","modified_gmt":"2016-09-19T13:12:47","slug":"mexico-asume-responsabilidades-con-acuerdo-de-paris-dice-gamboa","status":"publish","type":"post","link":"https:\/\/plazajuarez.mx\/historico\/mexico-asume-responsabilidades-con-acuerdo-de-paris-dice-gamboa\/","title":{"rendered":"M\u00c9XICO ASUME RESPONSABILIDADES CON ACUERDO DE PAR\u00cdS, DICE GAMBOA"},"content":{"rendered":"<p>M\u00c9XICO CORROBORA SU COMPROMISO CON EL PLANETA<br \/>\u25cf\u00a0\u00a0\u00a0 &#8220;Ya que asume responsabilidades firmes para mantener un pa\u00eds viable, sustentable, al combatir el cambio clim\u00e1tico, a trav\u00e9s de acciones para la reducci\u00f3n del calentamiento global&#8221;, dijo el l\u00edder parlamentario<\/p>\n<p>  <!--more-->  <\/p>\n<p>CIUDAD DE M\u00c9XICO.- El coordinador de los senadores del Partido Revolucionario Institucional (PRI), Emilio Gamboa Patr\u00f3n, afirm\u00f3 que con la ratificaci\u00f3n del Acuerdo de Par\u00eds, M\u00e9xico corrobora su compromiso con el planeta, pero sobre todo con la salud, bienestar y el desarrollo econ\u00f3mico de las pr\u00f3ximas generaciones.<br \/>&#8220;Ya que asume responsabilidades firmes para mantener un pa\u00eds viable, sustentable, al combatir el cambio clim\u00e1tico, a trav\u00e9s de acciones para la reducci\u00f3n del calentamiento global&#8221;, dijo el l\u00edder parlamentario.<br \/>El senador Gamboa record\u00f3 que ante la trascendencia de este Acuerdo, su bancada impulsar\u00e1 el dise\u00f1o de una ruta para la aplicaci\u00f3n de pol\u00edticas p\u00fablicas y los distintos Poderes y niveles de Gobierno mexicanos cuenten con las herramientas jur\u00eddicas legislativas que les permita realizar sus tareas.<br \/>&#8220;Las acciones contra el cambio clim\u00e1tico incluyen la protecci\u00f3n de los derechos humanos, entre ellos la salud, la equidad de g\u00e9nero y los derechos de los pueblos ind\u00edgenas, toda vez que uno de sus objetivos tambi\u00e9n es garantizar la erradicaci\u00f3n de la pobreza y contar con un desarrollo sostenible&#8221;, dijo.<br \/>Destac\u00f3 que M\u00e9xico logr\u00f3 el reconocimiento internacional por su propuesta, que se volvi\u00f3 norma internacional, para que sea obligatoria, cada cinco a\u00f1os, la revisi\u00f3n de los compromisos de las naciones con la mitigaci\u00f3n en la emisi\u00f3n de gases de efecto invernadero, como lo es el di\u00f3xido de carbono, adem\u00e1s que en ese mismo periodo los pa\u00edses presentar\u00e1n nuevos compromisos, siempre y cuando sean m\u00e1s ambiciosos que los anteriores.<br \/>&#8220;No podemos cruzarnos de brazos ante una realidad como es el calentamiento global que se refleja en nuestro pa\u00eds, cada vez con mayor intensidad, al sufrir huracanes, tormentas, climas extremos que devastan parte del territorio, ocasionan muertes, acaban con el patrimonio familiar y ponen en peligro la seguridad de todos&#8221;.<br \/>Record\u00f3 que los d\u00edas c\u00e1lidos extremos y sequ\u00edas en grandes regiones del pa\u00eds, como en 2011, cuando afect\u00f3 al 90% del territorio y que da\u00f1\u00f3 una considerable extensi\u00f3n de cosechas de alimentos y productos necesarios, as\u00ed como la elevaci\u00f3n del nivel del mar que en Ciudad Madero, Tamaulipas registra 9.16 mil\u00edmetros de elevaci\u00f3n por a\u00f1o, o en Guaymas, Sonora, donde es de 4.23 mil\u00edmetros.<\/p>\n<p>POR TODO ELLO, EL PRI EN EL SENADO SE MANTENDR\u00c1 ATENTO A LA EVOLUCI\u00d3N DEL ACUERDO DE PAR\u00cdS QUE CONTRARRESTEN DICHOS FEN\u00d3MENOS, COMO YA LO HIZO LA 62 LEGISLATURA CON LA REFORMA ENERG\u00c9TICA, A TRAV\u00c9S DE LA CUAL, POR PRIMERA VEZ, SE INCENTIVA LA GENERACI\u00d3N DE ENERG\u00cdAS LIMPIAS Y QUE HOY PERMITEN A M\u00c9XICO CREAR EL 20% DE ELECTRICIDAD QUE CONSUME A TRAV\u00c9S DEL VIENTO, AGUA, SOL, GEOTERMIA Y QUE SE ESTIMA PARA 2024 SEA DEL 35%.<\/p>\n","protected":false},"excerpt":{"rendered":"<p>M\u00c9XICO CORROBORA SU COMPROMISO CON EL PLANETA\u25cf\u00a0\u00a0\u00a0 &#8220;Ya que asume responsabilidades firmes para mantener un pa\u00eds viable, sustentable, al combatir el cambio clim\u00e1tico, a trav\u00e9s de acciones para la reducci\u00f3n del calentamiento global&#8221;, dijo el l\u00edder parlamentario<\/p>\n","protected":false},"author":93,"featured_media":0,"comment_status":"open","ping_status":"open","sticky":false,"template":"","format":"standard","meta":{"footnotes":""},"categories":[36],"tags":[],"class_list":["post-28625","post","type-post","status-publish","format-standard","hentry","category-nacion"],"_links":{"self":[{"href":"https:\/\/plazajuarez.mx\/historico\/wp-json\/wp\/v2\/posts\/28625","targetHints":{"allow":["GET"]}}],"collection":[{"href":"https:\/\/plazajuarez.mx\/historico\/wp-json\/wp\/v2\/posts"}],"about":[{"href":"https:\/\/plazajuarez.mx\/historico\/wp-json\/wp\/v2\/types\/post"}],"author":[{"embeddable":true,"href":"https:\/\/plazajuarez.mx\/historico\/wp-json\/wp\/v2\/users\/93"}],"replies":[{"embeddable":true,"href":"https:\/\/plazajuarez.mx\/historico\/wp-json\/wp\/v2\/comments?post=28625"}],"version-history":[{"count":0,"href":"https:\/\/plazajuarez.mx\/historico\/wp-json\/wp\/v2\/posts\/28625\/revisions"}],"wp:attachment":[{"href":"https:\/\/plazajuarez.mx\/historico\/wp-json\/wp\/v2\/media?parent=28625"}],"wp:term":[{"taxonomy":"category","embeddable":true,"href":"https:\/\/plazajuarez.mx\/historico\/wp-json\/wp\/v2\/categories?post=28625"},{"taxonomy":"post_tag","embeddable":true,"href":"https:\/\/plazajuarez.mx\/historico\/wp-json\/wp\/v2\/tags?post=28625"}],"curies":[{"name":"wp","href":"https:\/\/api.w.org\/{rel}","templated":true}]}}