{"id":28624,"date":"2016-09-19T13:12:27","date_gmt":"2016-09-19T13:12:27","guid":{"rendered":"http:\/\/plazajuarez.mx\/index\/index.php\/2016\/09\/19\/identifican-como-somali-a-agresor-de-centro-comercial-en-minnesota\/"},"modified":"2016-09-19T13:12:27","modified_gmt":"2016-09-19T13:12:27","slug":"identifican-como-somali-a-agresor-de-centro-comercial-en-minnesota","status":"publish","type":"post","link":"https:\/\/plazajuarez.mx\/historico\/identifican-como-somali-a-agresor-de-centro-comercial-en-minnesota\/","title":{"rendered":"Identifican como somal\u00ed a agresor de centro comercial en Minnesota"},"content":{"rendered":"<p>APU\u00d1AL\u00d3 A NUEVE PERSONAS<\/p>\n<p>\u25cf\u00a0\u00a0\u00a0 El joven, de origen somal\u00ed, ser\u00eda el autor de un ataque a pu\u00f1aladas en un centro comercial de la comunidad de St. Cloud, Minnesota, de acuerdo con miembros de la comunidad somal\u00ed-estadunidense asentada en el estado, aunque ello no ha sido confirmado por las autoridades<\/p>\n<p>  <!--more-->  <\/p>\n<p>Washington.- Miembros de la comunidad somal\u00ed- estadunidense identificaron como Dahir Ahmed Adan, de 20 a\u00f1os de edad, a un hombre que la v\u00edspera apu\u00f1al\u00f3 a nueve personas en un centro comercial de Minnesota y fue muerto por un polic\u00eda fuera de servicio.<\/p>\n<p>El joven, de origen somal\u00ed, ser\u00eda el autor de un ataque a pu\u00f1aladas en un centro comercial de la comunidad de St. Cloud, Minnesota, de acuerdo con miembros de la comunidad somal\u00ed-estadunidense asentada en el estado, aunque ello no ha sido confirmado por las autoridades.<\/p>\n<p>L\u00edderes de la comunidad somal\u00ed en St. Cloud ofrecieron una rueda de prensa para condenar el ataque y expresaron su simpat\u00eda por las v\u00edctimas.<\/p>\n<p>&#8220;La comunidad entera se sorprendi\u00f3 por este incidente. A la familia y a la comunidad les gustar\u00eda saber el cuadro completo de este incidente&#8221;, dijo Abdul Kulane, l\u00edder de la comunidad somal\u00ed.<\/p>\n<p>Kulane dijo que al atacante &#8220;lo conocemos en esta comunidad como un graduado excepcional de (la preparatoria) Apollo High School. Se gradu\u00f3 con honores, Tambi\u00e9n hab\u00eda sido estudiante en la Universidad Estatal de St. Cloud a principios de este a\u00f1o&#8221;, precis\u00f3.<\/p>\n<p>&#8220;Mientras manten\u00eda un alto promedio, trabajaba de tiempo parcial como agente de seguridad privada. \u00c9l ayudaba a su familia y por lo que recordamos, nunca tuvo una historia violenta. Era un miembro amistoso y activo de la comunidad&#8221;, se\u00f1al\u00f3 Kulane.<\/p>\n<p>En la rueda de prensa, los l\u00edderes de la comunidad somal\u00ed destacaron que el islam no aprueba la violencia.<\/p>\n<p>Las autoridades no confirmaron la identidad del sospechoso y se limitaron a informar que portaba un uniforme de guardia de seguridad de una compa\u00f1\u00eda privada.<\/p>\n<p>Testigos del incidente informaron a la polic\u00eda que el atacante invoc\u00f3 a Al\u00e1 y cuestion\u00f3 al menos a una de sus v\u00edctimas si era musulm\u00e1n.<\/p>\n<p>Un reporte de la agencia de noticias Amaq, vinculada al Estado Isl\u00e1mico (EI) asegur\u00f3 este domingo que el &#8220;ejecutor de los ataques a pu\u00f1aladas el s\u00e1bado en Minnesota fue un soldado&#8221; de dicha organizaci\u00f3n.<\/p>\n<p>El bolet\u00edn asegur\u00f3 que el ataque se enmarc\u00f3 en el llamado del grupo a &#8220;hacer blanco a los ciudadanos de los pa\u00edses pertenecientes a la coalici\u00f3n de los cruzados&#8221;, como el EI se refiere a la coalici\u00f3n liderada por Estados Unidos en Oriente Medio.<\/p>\n<p>El atacante lesion\u00f3 a pu\u00f1aladas a siete hombres y dos mujeres de diversas edades, tres de las cuales a\u00fan permanec\u00edan la tarde de este domingo en un hospital.<\/p>\n","protected":false},"excerpt":{"rendered":"<p>APU\u00d1AL\u00d3 A NUEVE PERSONAS \u25cf\u00a0\u00a0\u00a0 El joven, de origen somal\u00ed, ser\u00eda el autor de un ataque a pu\u00f1aladas en un centro comercial de la comunidad de St. Cloud, Minnesota, de acuerdo con miembros de la comunidad somal\u00ed-estadunidense asentada en el estado, aunque ello no ha sido confirmado por las autoridades<\/p>\n","protected":false},"author":93,"featured_media":0,"comment_status":"open","ping_status":"open","sticky":false,"template":"","format":"standard","meta":{"footnotes":""},"categories":[31],"tags":[],"class_list":["post-28624","post","type-post","status-publish","format-standard","hentry","category-orbe"],"_links":{"self":[{"href":"https:\/\/plazajuarez.mx\/historico\/wp-json\/wp\/v2\/posts\/28624","targetHints":{"allow":["GET"]}}],"collection":[{"href":"https:\/\/plazajuarez.mx\/historico\/wp-json\/wp\/v2\/posts"}],"about":[{"href":"https:\/\/plazajuarez.mx\/historico\/wp-json\/wp\/v2\/types\/post"}],"author":[{"embeddable":true,"href":"https:\/\/plazajuarez.mx\/historico\/wp-json\/wp\/v2\/users\/93"}],"replies":[{"embeddable":true,"href":"https:\/\/plazajuarez.mx\/historico\/wp-json\/wp\/v2\/comments?post=28624"}],"version-history":[{"count":0,"href":"https:\/\/plazajuarez.mx\/historico\/wp-json\/wp\/v2\/posts\/28624\/revisions"}],"wp:attachment":[{"href":"https:\/\/plazajuarez.mx\/historico\/wp-json\/wp\/v2\/media?parent=28624"}],"wp:term":[{"taxonomy":"category","embeddable":true,"href":"https:\/\/plazajuarez.mx\/historico\/wp-json\/wp\/v2\/categories?post=28624"},{"taxonomy":"post_tag","embeddable":true,"href":"https:\/\/plazajuarez.mx\/historico\/wp-json\/wp\/v2\/tags?post=28624"}],"curies":[{"name":"wp","href":"https:\/\/api.w.org\/{rel}","templated":true}]}}