{"id":285933,"date":"2023-10-16T08:34:07","date_gmt":"2023-10-16T14:34:07","guid":{"rendered":"https:\/\/plazajuarez.mx\/?p=285933"},"modified":"2023-10-16T08:34:09","modified_gmt":"2023-10-16T14:34:09","slug":"jaime-zuniga-burgos-el-hombre-el-queretano-el-cronista-el-amigo","status":"publish","type":"post","link":"https:\/\/plazajuarez.mx\/historico\/jaime-zuniga-burgos-el-hombre-el-queretano-el-cronista-el-amigo\/","title":{"rendered":"JAIME Z\u00da\u00d1IGA BURGOS EL HOMBRE, EL QUERETANO, EL CRONISTA, EL AMIGO\u2026"},"content":{"rendered":"\n<h2 class=\"wp-block-heading\">FAMILIA POL\u00cdTICA<\/h2>\n\n\n\n<p><strong><em>\u201cQueretano soy se\u00f1ores y le atoro a las manganas.<\/em><\/strong><\/p>\n\n\n\n<p><strong><em>&nbsp;Le entro a todos los amores porque siempre me dan ganas<\/em><\/strong><\/p>\n\n\n\n<p><strong><em>&nbsp;y traigo pa\u2019 los traidores al Cerro de las Campanas.\u201d<\/em><\/strong><\/p>\n\n\n\n<p>Corrido emblem\u00e1tico<\/p>\n\n\n\n<p>A finales de los a\u00f1os ochenta, mi amiga, la queretana Silvia Hern\u00e1ndez, en ese tiempo Dirigente de la Confederaci\u00f3n Nacional de Organizaciones Populares, un poderoso sector del PRI, me design\u00f3 Delegado General en la vecina entidad, con dos prop\u00f3sitos fundamentales: el primero, realizar la auscultaci\u00f3n y, en su caso, elegir al nuevo Secretario General de la CNOP, pues el periodo del Doctor Alfonso Ballesteros (despu\u00e9s Presidente Municipal de la capital del Estado) hab\u00eda concluido; el segundo, representar a Silvia en la entidad federativa de su origen, cuando comenzaban las inquietudes para renovar al titular del Poder Ejecutivo, cuya responsabilidad reca\u00eda entonces en la persona de Mariano Palacios Alcocer, personaje de altos vuelos, quien ser\u00eda Presidente del CEN de su Instituto Pol\u00edtico, Embajador en El Vaticano y mi amigo personal desde nuestra primera juventud, como triunfadores, con algunos a\u00f1os de diferencia, en sendos concursos nacionales de Oratoria. \u00c9l, casi adolescente, yo, en el l\u00edmite de la edad que fijaba la convocatoria.\u00a0<\/p>\n\n\n\n<p>Para cumplir con la primera encomienda, hab\u00eda que recorrer en lo general y despu\u00e9s en lo particular, una por una las biograf\u00edas que llenaban los requisitos para liderar el Sector en todos y cada uno de los diecisiete municipios, desde La Sierra hasta El Valle, as\u00ed como llenar los zapatos del viejo l\u00edder y virtuoso pianista, quien conclu\u00eda su dirigencia. Despu\u00e9s, las mismas organizaciones lo ungieron candidato a la Presidencia Municipal.<\/p>\n\n\n\n<p>Mariano Palacios, hombre de amplia cultura, excelente trato; en su relaci\u00f3n conmigo fue siempre fiel a su estilo de fino tribuno, sin perder las formas a que lo obligaba su estatus de primer mandatario de la entidad; sus atenciones llegaban por medio de su Secretario Particular, Mariano Lemus Gas (de cercanas ra\u00edces hidalguenses), tambi\u00e9n unido a Silvia Hern\u00e1ndez por tr\u00e1gico destino: ambos se desplomaron en un avi\u00f3n, en plena Ciudad de M\u00e9xico, salvando milagrosamente sus vidas. Los dos, en macabra apuesta, afrontaron las dolorosas terapias para recuperarse de las severas quemaduras, siempre valientes, optimistas\u2026 Silvia Hern\u00e1ndez y Mariano Lemus, la plana mayor del CREA, m\u00e1ximos representantes del \u00f3ptimo organismo juvenil en la Rep\u00fablica.<\/p>\n\n\n\n<p>Tiempo despu\u00e9s tuve oportunidad de tratar a Mariano en su residencia de Embajador Mexicano en El Vaticano. Fui como participante en un Congreso Internacional de Magistrados de Tribunales de Justicia Administrativa; repito: siempre cordial, generoso, amable\u2026<\/p>\n\n\n\n<p>Despu\u00e9s de esta peque\u00f1a digresi\u00f3n, regres\u00f3 a Quer\u00e9taro, en donde las poderosas organizaciones que formaban el Sector Popular del PRI en el Estado, obviamente ten\u00edan a sus respectivos \u201cgallos\u201d (hombres y mujeres) para arribar a la dirigencia estatal. Todos sab\u00edamos la cercan\u00eda de Jaime Z\u00fa\u00f1iga Burgos con su paisana, la Dirigente Nacional. Aunque parezca mentira, esta circunstancia juega en contra de quien participa en una contienda pol\u00edtica que se precia de democr\u00e1tica. La sospecha, la maledicencia, el af\u00e1n del adversario por ensuciar un proceso y hasta el \u201cfuego amigo\u201d, inundaban las p\u00e1ginas de los peri\u00f3dicos y las reuniones de las organizaciones, quienes no se resignaban a dejar pasar un periodo completo con una dirigencia ajena a sus propios cuadros.<\/p>\n\n\n\n<p>Jaime Z\u00fa\u00f1iga Burgos: M\u00e9dico Cirujano, Licenciado en Derecho, ex Dirigente del Sindicato del Seguro Social, ex Diputado Local\u2026 hombre de gran presencia social, familiar y de probada queretaneidad, se destac\u00f3 desde el primer momento como el mejor de los aspirantes y sin problemas alcanz\u00f3 la aprobaci\u00f3n de las organizaciones reunidas en un congreso altamente representativo, que se celebr\u00f3 en uno de los grandes hoteles, de los cuales Quer\u00e9taro ya dispon\u00eda en esa \u00e9poca. Ungido por el voto de sus compa\u00f1eros de sector, el m\u00e9dico Z\u00fa\u00f1iga se incorpor\u00f3 desde el primer momento a las actividades pol\u00edticas, cuya mira inmediata era llevar a la Dirigente Nacional a la candidatura primero, y despu\u00e9s al gobierno del Estado.<\/p>\n\n\n\n<p>Finalmente, las cosas no resultaron como se hab\u00edan planeado: Silvia Hern\u00e1ndez no alcanz\u00f3 la gubernatura, pero logr\u00f3 ser Senadora. El Doctor Ballesteros, muchos a\u00f1os dirigente del Sector Popular, como ya dije, fue titular de la Presidencia Municipal gracias a la aprobaci\u00f3n de quien result\u00f3 candidato y luego Gobernador de Quer\u00e9taro: el caballeroso Senador Enrique Burgos Garc\u00eda, con quien yo guardaba (y guardo) una excelente relaci\u00f3n forjada en cuestiones acad\u00e9micas y legislativas.<\/p>\n\n\n\n<p>La pol\u00edtica es asunto de tiempos y circunstancias. Despu\u00e9s de algunos a\u00f1os de estrecha relaci\u00f3n con Jaime Z\u00fa\u00f1iga Burgos, con Rub\u00e9n P\u00e1ramo Quero y otros miembros de ese equipo de trabajo, Silvia se incorpor\u00f3 al Senado, Jaime a cuestiones acad\u00e9micas y yo a las actividades pol\u00edticas, administrativas y jurisdiccionales, propias de mi perfil, a nivel nacional y dentro de mi entidad federativa, pero las amistades fuertes no se olvidan y el M\u00e9dico Z\u00fa\u00f1iga siempre estuvo presente en mis recuerdos y en mis afectos.<\/p>\n\n\n\n<p>As\u00ed, un d\u00eda reciente ped\u00ed a Fabiola Mondrag\u00f3n, compa\u00f1era Magistrada queretana, investigar el n\u00famero telef\u00f3nico de mi entra\u00f1able amigo. As\u00ed lo hizo y reanudamos la conversaci\u00f3n interrumpida hac\u00eda apenas algunos ayeres.&nbsp;<\/p>\n\n\n\n<p>Resulta que, en el lapso de nuestra ausencia, Jaime Z\u00fa\u00f1iga se consolid\u00f3 como lo que es: gran personaje, autor de medio centenar de libros que le da autoridad moral e intelectual para ser, con absoluto derecho, Cronista del Municipio de El Marqu\u00e9s y del Estado de Quer\u00e9taro. A\u00fan recuerdo las sabrosas pl\u00e1ticas que ten\u00edamos cuando me explicaba la historia de alguna de las hermosas casas de la ciudad, sus due\u00f1os, sus habitantes, sus fantasmas (que la habitan desde la \u00e9poca colonial).<\/p>\n\n\n\n<p>Est\u00e1 haciendo lo que siempre quiso hacer. Su paso por la pol\u00edtica fue circunstancial; su formaci\u00f3n como M\u00e9dico y Abogado, son rasgos meramente profesionales que le exig\u00eda su esp\u00edritu de servicio.<\/p>\n\n\n\n<p>Hoy, metido en sus recuerdos y vivencias de su Quer\u00e9taro del alma; de todos y cada uno de sus municipios; de los personajes de su historia, de sus mitos y leyendas, Jaime Z\u00fa\u00f1iga Burgos se erige como patrimonio cultural de su entra\u00f1able tierra.<\/p>\n\n\n\n<p>Recientemente, sus amigos, miembros de la intelectualidad de su Estado, le hicieron un sentido homenaje con motivo de la presentaci\u00f3n de su libro n\u00famero cincuenta. La cifra se dice f\u00e1cil, pero es dif\u00edcil de imaginar el esfuerzo para alcanzarla y mantenerla. Espero que esto no repercuta de manera irreversible en su estado de salud. Desde fuera le\u00ed y disfrut\u00e9 los conceptos que sobre \u00e9l se vertieron: \u00a1Justicia pura! Los admiradores de su pluma y de su persona, hacemos votos por su pronta recuperaci\u00f3n.&nbsp;<\/p>\n","protected":false},"excerpt":{"rendered":"<p>FAMILIA POL\u00cdTICA \u201cQueretano soy se\u00f1ores y le atoro a las manganas. &nbsp;Le entro a todos los amores porque siempre me dan ganas &nbsp;y traigo pa\u2019 los traidores al Cerro de las Campanas.\u201d Corrido emblem\u00e1tico A finales de los a\u00f1os ochenta, mi amiga, la queretana Silvia Hern\u00e1ndez, en ese tiempo Dirigente de la Confederaci\u00f3n Nacional de [&hellip;]<\/p>\n","protected":false},"author":89,"featured_media":241781,"comment_status":"closed","ping_status":"closed","sticky":false,"template":"","format":"standard","meta":{"footnotes":""},"categories":[42,50],"tags":[],"class_list":["post-285933","post","type-post","status-publish","format-standard","has-post-thumbnail","hentry","category-nuestrapalabra","category-prisciliano-gutierrez"],"_links":{"self":[{"href":"https:\/\/plazajuarez.mx\/historico\/wp-json\/wp\/v2\/posts\/285933","targetHints":{"allow":["GET"]}}],"collection":[{"href":"https:\/\/plazajuarez.mx\/historico\/wp-json\/wp\/v2\/posts"}],"about":[{"href":"https:\/\/plazajuarez.mx\/historico\/wp-json\/wp\/v2\/types\/post"}],"author":[{"embeddable":true,"href":"https:\/\/plazajuarez.mx\/historico\/wp-json\/wp\/v2\/users\/89"}],"replies":[{"embeddable":true,"href":"https:\/\/plazajuarez.mx\/historico\/wp-json\/wp\/v2\/comments?post=285933"}],"version-history":[{"count":0,"href":"https:\/\/plazajuarez.mx\/historico\/wp-json\/wp\/v2\/posts\/285933\/revisions"}],"wp:featuredmedia":[{"embeddable":true,"href":"https:\/\/plazajuarez.mx\/historico\/wp-json\/wp\/v2\/media\/241781"}],"wp:attachment":[{"href":"https:\/\/plazajuarez.mx\/historico\/wp-json\/wp\/v2\/media?parent=285933"}],"wp:term":[{"taxonomy":"category","embeddable":true,"href":"https:\/\/plazajuarez.mx\/historico\/wp-json\/wp\/v2\/categories?post=285933"},{"taxonomy":"post_tag","embeddable":true,"href":"https:\/\/plazajuarez.mx\/historico\/wp-json\/wp\/v2\/tags?post=285933"}],"curies":[{"name":"wp","href":"https:\/\/api.w.org\/{rel}","templated":true}]}}