{"id":285880,"date":"2023-10-16T01:37:55","date_gmt":"2023-10-16T07:37:55","guid":{"rendered":"https:\/\/plazajuarez.mx\/?p=285880"},"modified":"2023-10-16T01:37:58","modified_gmt":"2023-10-16T07:37:58","slug":"periodistas-documentan-produccion-evidente-del-fentanilo-en-mexico","status":"publish","type":"post","link":"https:\/\/plazajuarez.mx\/historico\/periodistas-documentan-produccion-evidente-del-fentanilo-en-mexico\/","title":{"rendered":"Periodistas documentan &#8220;producci\u00f3n\u00a0evidente&#8221; del fentanilo en M\u00e9xico"},"content":{"rendered":"\n<p>En M\u00e9xico hay una \u201cproducci\u00f3n evidente\u201d de fentanilo a pesar de negaciones constantes por parte del presidente, seg\u00fan se\u00f1al\u00f3 V\u00edctor Valles Mata, reportero del noticiero \u201cEn Punto\u201d del canal N+, nominado al Emmy por revelar c\u00f3mo opera un laboratorio de esta droga.<\/p>\n\n\n\n<p>\u201cHa sido mucha la presi\u00f3n que Estados Unidos ha hecho contra M\u00e9xico al se\u00f1alarlo como principal productor de fentanilo y es el que los manda a su territorio. Es por ello que el presidente siempre lo est\u00e9 negando\u201c, dijo el reportero.<\/p>\n\n\n\n<p>La afirmaci\u00f3n se basa en el reportaje titulado \u201cFentanilo: Futuro para el narco, muerte para la humanidad\u201d, realizado por Valles y Adri\u00e1n Tinoco Castillo, realizador de N+, que obtuvo nominaci\u00f3n al Emmy en categor\u00eda de Reportaje Destacado en Espa\u00f1ol en la secci\u00f3n de Noticias y Documentales.<\/p>\n\n\n\n<p><strong>Vivencias del reportaje<\/strong><\/p>\n\n\n\n<p>Valles y Tinoco tuvieron acceso a un laboratorio de fentanilo operado por el c\u00e1rtel de Sinaloa, lo que les permiti\u00f3 mostrar en detalle lo relacionado con esa droga en M\u00e9xico.<\/p>\n\n\n\n<p>\u201cNing\u00fan equipo mexicano lo hab\u00eda hecho entonces. Estuvimos trabajando, haciendo investigaci\u00f3n, buscando contactos y logramos acceder a este laboratorio del C\u00e1rtel de Sinaloa donde documentamos c\u00f3mo se produce el fentanilo\u201d, remarc\u00f3 Valles.<\/p>\n\n\n\n<p>Tinoco considera que la experiencia los impact\u00f3, ya que al entrar al laboratorio presenciaron de cerca c\u00f3mo se produce el fentanilo y, adem\u00e1s, observaron a personas consumiendo esta sustancia.<\/p>\n\n\n\n<p>\u201cNunca nos sentimos amenazados, ni tuvimos un arma en la cabeza\u201d, enfatiz\u00f3 el realizador.<\/p>\n\n\n\n<p>\u201cPero trat\u00e1ndose de un grupo criminal nunca se sabe\u201d, matiz\u00f3 su compa\u00f1ero.<\/p>\n\n\n\n<p>La motivaci\u00f3n detr\u00e1s de abordar este tema peligroso la explica Valles Mata, quien destac\u00f3 que su enfoque en el periodismo de inmersi\u00f3n en M\u00e9xico los llev\u00f3 a indagar el fentanilo como parte inicial de un problema m\u00e1s amplio: el comercio ilegal en el pa\u00eds.<\/p>\n\n\n\n<p><strong>La nula protecci\u00f3n al periodista<\/strong><\/p>\n\n\n\n<p>Respecto a la situaci\u00f3n actual del periodismo en M\u00e9xico, que vive una violencia in\u00e9dita contra la prensa, el reportero reconoci\u00f3 el sacrificio y la valent\u00eda de muchos periodistas que ponen sus vidas en riesgo a diario en el pa\u00eds, donde al menos 13 comunicadores murieron asesinados por su labor en 2022, seg\u00fan Art\u00edculo 19.<\/p>\n","protected":false},"excerpt":{"rendered":"<p>En M\u00e9xico hay una \u201cproducci\u00f3n evidente\u201d de fentanilo a pesar de negaciones constantes por parte del presidente, seg\u00fan se\u00f1al\u00f3 V\u00edctor Valles Mata, reportero del noticiero \u201cEn Punto\u201d del canal N+, nominado al Emmy por revelar c\u00f3mo opera un laboratorio de esta droga. \u201cHa sido mucha la presi\u00f3n que Estados Unidos ha hecho contra M\u00e9xico al [&hellip;]<\/p>\n","protected":false},"author":80,"featured_media":285881,"comment_status":"closed","ping_status":"closed","sticky":false,"template":"","format":"standard","meta":{"footnotes":""},"categories":[37],"tags":[],"class_list":["post-285880","post","type-post","status-publish","format-standard","has-post-thumbnail","hentry","category-barandilla"],"_links":{"self":[{"href":"https:\/\/plazajuarez.mx\/historico\/wp-json\/wp\/v2\/posts\/285880","targetHints":{"allow":["GET"]}}],"collection":[{"href":"https:\/\/plazajuarez.mx\/historico\/wp-json\/wp\/v2\/posts"}],"about":[{"href":"https:\/\/plazajuarez.mx\/historico\/wp-json\/wp\/v2\/types\/post"}],"author":[{"embeddable":true,"href":"https:\/\/plazajuarez.mx\/historico\/wp-json\/wp\/v2\/users\/80"}],"replies":[{"embeddable":true,"href":"https:\/\/plazajuarez.mx\/historico\/wp-json\/wp\/v2\/comments?post=285880"}],"version-history":[{"count":0,"href":"https:\/\/plazajuarez.mx\/historico\/wp-json\/wp\/v2\/posts\/285880\/revisions"}],"wp:featuredmedia":[{"embeddable":true,"href":"https:\/\/plazajuarez.mx\/historico\/wp-json\/wp\/v2\/media\/285881"}],"wp:attachment":[{"href":"https:\/\/plazajuarez.mx\/historico\/wp-json\/wp\/v2\/media?parent=285880"}],"wp:term":[{"taxonomy":"category","embeddable":true,"href":"https:\/\/plazajuarez.mx\/historico\/wp-json\/wp\/v2\/categories?post=285880"},{"taxonomy":"post_tag","embeddable":true,"href":"https:\/\/plazajuarez.mx\/historico\/wp-json\/wp\/v2\/tags?post=285880"}],"curies":[{"name":"wp","href":"https:\/\/api.w.org\/{rel}","templated":true}]}}