{"id":285610,"date":"2023-10-13T03:10:41","date_gmt":"2023-10-13T09:10:41","guid":{"rendered":"https:\/\/plazajuarez.mx\/?p=285610"},"modified":"2023-10-13T03:10:44","modified_gmt":"2023-10-13T09:10:44","slug":"celebran-dia-del-estudiante-de-los-pueblos-originarios","status":"publish","type":"post","link":"https:\/\/plazajuarez.mx\/historico\/celebran-dia-del-estudiante-de-los-pueblos-originarios\/","title":{"rendered":"Celebran D\u00eda del estudiante de los Pueblos Originarios"},"content":{"rendered":"\n<p class=\"wp-block-paragraph\"><strong>TULANCINGO<\/strong>.- El Colegio Nacional de Educaci\u00f3n Profesional (CONALEP), plantel Tulancingo, fue sede de la celebraci\u00f3n del D\u00eda de la y el Estudiante de los Pueblos Originarios la ma\u00f1ana de ayer; donde se inform\u00f3 que en este municipio, hay 500 estudiantes matriculados de diversos pueblos originarios.&nbsp;<\/p>\n\n\n\n<p class=\"wp-block-paragraph\">En el evento estuvo presente el gobernador del estado, Julio Menchaca Salazar, as\u00ed como el presidente municipal de Tulancingo, Jorge M\u00e1rquez Alvarado como anfitri\u00f3n; adem\u00e1s de distintos secretarios del estado y la subdirectora de educaci\u00f3n federal.<\/p>\n\n\n\n<p class=\"wp-block-paragraph\">En su intervenci\u00f3n, el gobernador Menchaca Salazar reconoci\u00f3 que los hidalguenses son el resultado de toda la evoluci\u00f3n y cultura que se ha registrado en la historia del estado, y que sin duda, su activo m\u00e1s importante son las mujeres y los trabajadores.<\/p>\n\n\n\n<p class=\"wp-block-paragraph\">\u201cHoy reconocemos su resiliencia, Hidalgo es tierra de belleza natural y ha sido casa de muchos pueblos ind\u00edgenas; sus lenguas, tradiciones han sido fundamentales para el desarrollo de este, por eso hoy, los reconocemos y reconocemos la importancia de la educaci\u00f3n\u201d, expres\u00f3 en su mensaje.<\/p>\n\n\n\n<p class=\"wp-block-paragraph\">Destac\u00f3 tambi\u00e9n que, del total del presupuesto del estado, el 42. 8 por ciento es destinado para la educaci\u00f3n, es decir, casi 20 mil millones de pesos.<\/p>\n","protected":false},"excerpt":{"rendered":"<p>TULANCINGO.- El Colegio Nacional de Educaci\u00f3n Profesional (CONALEP), plantel Tulancingo, fue sede de la celebraci\u00f3n del D\u00eda de la y el Estudiante de los Pueblos Originarios la ma\u00f1ana de ayer; donde se inform\u00f3 que en este municipio, hay 500 estudiantes matriculados de diversos pueblos originarios.&nbsp; En el evento estuvo presente el gobernador del estado, Julio [&hellip;]<\/p>\n","protected":false},"author":70,"featured_media":285611,"comment_status":"closed","ping_status":"closed","sticky":false,"template":"","format":"standard","meta":{"footnotes":""},"categories":[2159,40],"tags":[],"class_list":["post-285610","post","type-post","status-publish","format-standard","has-post-thumbnail","hentry","category-noticias-de-hidalgo","category-region"],"_links":{"self":[{"href":"https:\/\/plazajuarez.mx\/historico\/wp-json\/wp\/v2\/posts\/285610","targetHints":{"allow":["GET"]}}],"collection":[{"href":"https:\/\/plazajuarez.mx\/historico\/wp-json\/wp\/v2\/posts"}],"about":[{"href":"https:\/\/plazajuarez.mx\/historico\/wp-json\/wp\/v2\/types\/post"}],"author":[{"embeddable":true,"href":"https:\/\/plazajuarez.mx\/historico\/wp-json\/wp\/v2\/users\/70"}],"replies":[{"embeddable":true,"href":"https:\/\/plazajuarez.mx\/historico\/wp-json\/wp\/v2\/comments?post=285610"}],"version-history":[{"count":0,"href":"https:\/\/plazajuarez.mx\/historico\/wp-json\/wp\/v2\/posts\/285610\/revisions"}],"wp:featuredmedia":[{"embeddable":true,"href":"https:\/\/plazajuarez.mx\/historico\/wp-json\/wp\/v2\/media\/285611"}],"wp:attachment":[{"href":"https:\/\/plazajuarez.mx\/historico\/wp-json\/wp\/v2\/media?parent=285610"}],"wp:term":[{"taxonomy":"category","embeddable":true,"href":"https:\/\/plazajuarez.mx\/historico\/wp-json\/wp\/v2\/categories?post=285610"},{"taxonomy":"post_tag","embeddable":true,"href":"https:\/\/plazajuarez.mx\/historico\/wp-json\/wp\/v2\/tags?post=285610"}],"curies":[{"name":"wp","href":"https:\/\/api.w.org\/{rel}","templated":true}]}}