{"id":285348,"date":"2023-10-11T02:41:12","date_gmt":"2023-10-11T08:41:12","guid":{"rendered":"https:\/\/plazajuarez.mx\/?p=285348"},"modified":"2023-10-11T02:41:15","modified_gmt":"2023-10-11T08:41:15","slug":"entraron-para-robar-en-una-tienda-de-empeno-y-detienen-a-dos-involucrados","status":"publish","type":"post","link":"https:\/\/plazajuarez.mx\/historico\/entraron-para-robar-en-una-tienda-de-empeno-y-detienen-a-dos-involucrados\/","title":{"rendered":"Entraron para robar en una tienda de\u00a0empe\u00f1o y detienen a dos involucrados"},"content":{"rendered":"\n<p>La madrugada de ayer, luego de un reporte oportuno que se hizo al C2, mediante el cual informaron de dos personas del sexo masculino que presuntamente se encontraban robando al interior de una tienda de empe\u00f1o ubicada en avenida Ju\u00e1rez, elementos de la Secretar\u00eda de Seguridad Ciudadana de Tizayuca (SSCT), inmediatamente activaron los protocolos de actuaci\u00f3n correspondientes para lograr la detenci\u00f3n de los presuntos involucrados.<\/p>\n\n\n\n<p>Fue gracias al monitoreo de las c\u00e1maras de videovigilancia del municipio antes descrito, como los elementos de la SSCT, ubicaron a los probables responsables del il\u00edcito, quienes viajaban a bordo de un veh\u00edculo sedan marca Fiat Uno, color rojo.<\/p>\n\n\n\n<p>De manera sorpresiva, los guardianes de la ley le dieron alcance a la unidad ya descrita y le marcaron el alto a quien iba al volante, sobre la calle J. Villagr\u00e1n para finalmente realizar la detenci\u00f3n.<\/p>\n\n\n\n<p>Adicionalmente, dentro de la unidad se encontraban los art\u00edculos que previamente hab\u00edan sido sustra\u00eddos de la tienda antes mencionada.<\/p>\n","protected":false},"excerpt":{"rendered":"<p>La madrugada de ayer, luego de un reporte oportuno que se hizo al C2, mediante el cual informaron de dos personas del sexo masculino que presuntamente se encontraban robando al interior de una tienda de empe\u00f1o ubicada en avenida Ju\u00e1rez, elementos de la Secretar\u00eda de Seguridad Ciudadana de Tizayuca (SSCT), inmediatamente activaron los protocolos de [&hellip;]<\/p>\n","protected":false},"author":93,"featured_media":285349,"comment_status":"closed","ping_status":"closed","sticky":false,"template":"","format":"standard","meta":{"footnotes":""},"categories":[37],"tags":[],"class_list":["post-285348","post","type-post","status-publish","format-standard","has-post-thumbnail","hentry","category-barandilla"],"_links":{"self":[{"href":"https:\/\/plazajuarez.mx\/historico\/wp-json\/wp\/v2\/posts\/285348","targetHints":{"allow":["GET"]}}],"collection":[{"href":"https:\/\/plazajuarez.mx\/historico\/wp-json\/wp\/v2\/posts"}],"about":[{"href":"https:\/\/plazajuarez.mx\/historico\/wp-json\/wp\/v2\/types\/post"}],"author":[{"embeddable":true,"href":"https:\/\/plazajuarez.mx\/historico\/wp-json\/wp\/v2\/users\/93"}],"replies":[{"embeddable":true,"href":"https:\/\/plazajuarez.mx\/historico\/wp-json\/wp\/v2\/comments?post=285348"}],"version-history":[{"count":0,"href":"https:\/\/plazajuarez.mx\/historico\/wp-json\/wp\/v2\/posts\/285348\/revisions"}],"wp:featuredmedia":[{"embeddable":true,"href":"https:\/\/plazajuarez.mx\/historico\/wp-json\/wp\/v2\/media\/285349"}],"wp:attachment":[{"href":"https:\/\/plazajuarez.mx\/historico\/wp-json\/wp\/v2\/media?parent=285348"}],"wp:term":[{"taxonomy":"category","embeddable":true,"href":"https:\/\/plazajuarez.mx\/historico\/wp-json\/wp\/v2\/categories?post=285348"},{"taxonomy":"post_tag","embeddable":true,"href":"https:\/\/plazajuarez.mx\/historico\/wp-json\/wp\/v2\/tags?post=285348"}],"curies":[{"name":"wp","href":"https:\/\/api.w.org\/{rel}","templated":true}]}}