{"id":285343,"date":"2023-10-10T17:24:25","date_gmt":"2023-10-10T23:24:25","guid":{"rendered":"https:\/\/plazajuarez.mx\/?p=285343"},"modified":"2023-10-10T17:24:27","modified_gmt":"2023-10-10T23:24:27","slug":"ninas-ninos-y-jovenes-de-los-semilleros-creativos-realizan-muestras-estatales-reflejo-de-su-trabajo-anual-en-estos-espacios-colaborativos","status":"publish","type":"post","link":"https:\/\/plazajuarez.mx\/historico\/ninas-ninos-y-jovenes-de-los-semilleros-creativos-realizan-muestras-estatales-reflejo-de-su-trabajo-anual-en-estos-espacios-colaborativos\/","title":{"rendered":"Ni\u00f1as, ni\u00f1os y j\u00f3venes de los Semilleros Creativos realizan muestras estatales, reflejo de su trabajo anual en estos espacios colaborativos"},"content":{"rendered":"\n<p>Con la intenci\u00f3n de visibilizar y compartir con la comunidad los procesos y resultados del trabajo anual realizados por ni\u00f1as, ni\u00f1os y j\u00f3venes, los Semilleros Creativos del programa Cultura Comunitaria llevan a cabo muestras estatales con lo que fortalecen las colaboraciones locales y regionales.<\/p>\n\n\n\n<p>Y es que a lo largo de este 2023, los Semilleros Creativos -grupos de formaci\u00f3n art\u00edstica gratuita con enfoque comunitario para la ni\u00f1ez y las juventudes del pa\u00eds- reflexionaron y realizaron actividades art\u00edsticas desde el tema de la dignidad humana, para lo que han retomado conceptos como la identidad, los derechos humanos, la migraci\u00f3n, las comunidades hermanas, el patrimonio cultural y la bioculturalidad, que ahora ponen de manifiesto en estas muestras.<\/p>\n\n\n\n<p>Por ejemplo, el 14 de octubre, en el Centro Cultural de la UNAM en Morelia, se llevar\u00e1 a cabo una muestra visual con la participaci\u00f3n de los Semilleros del estado, que contar\u00e1 con la presencia de autoridades de dicha instituci\u00f3n.<\/p>\n\n\n\n<p>Posteriormente, el 21 de octubre, en la Casa de la Cultura Leona Vicario, Salamanca, Guanajuato, los Semilleros del estado realizar\u00e1n presentaciones esc\u00e9nicas de danza tradicional y regional, narraciones orales, juegos para las primeras infancias, un taller de elaboraci\u00f3n de t\u00edteres y una exposici\u00f3n visual.<\/p>\n\n\n\n<p>Por su parte, en el estado de Hidalgo, del 27 de noviembre al 8 de diciembre, se llevar\u00e1n a cabo diversas presentaciones esc\u00e9nicas de danza aut\u00f3ctona y regional, narraci\u00f3n oral, poes\u00eda, actos circenses y obras de teatro como la&nbsp;<em>Leyenda de Quetzalc\u00f3atl y el cacao<\/em>,&nbsp;<em>Dos pescadores&nbsp;<\/em>y la pieza de teatro musicalizado&nbsp;<em>Memorias de mi tierra<\/em>.&nbsp; De igual forma, exposiciones como &#8220;Deconstrucci\u00f3n y autorreconocimiento&#8221;, as\u00ed como la exhibici\u00f3n de bordados po\u00e9ticos, juegos tradicionales en gran formato y muestras gastron\u00f3micas.<\/p>\n\n\n\n<p>Las muestras de Semilleros Creativos concluir\u00e1n en diciembre de 2023. Para consultar detalles de la programaci\u00f3n en cada estado, se puede consultar la p\u00e1gina web del programa Cultura Comunitaria&nbsp;<a href=\"http:\/\/www.culturacomunitaria.gob.mx\/\" target=\"_blank\" rel=\"noreferrer noopener\">www.culturacomunitaria.gob.mx<\/a>&nbsp;y la plataforma&nbsp;<a href=\"http:\/\/mexicoescultura.com\/\" target=\"_blank\" rel=\"noreferrer noopener\">mexicoescultura.com<\/a><\/p>\n\n\n\n<p>Con estas acciones la Secretar\u00eda de Cultura del Gobierno de M\u00e9xico incide favorablemente en el desarrollo de las comunidades, mostrando al arte como una alternativa viable y accesible para el buen vivir.<\/p>\n","protected":false},"excerpt":{"rendered":"<p>Con la intenci\u00f3n de visibilizar y compartir con la comunidad los procesos y resultados del trabajo anual realizados por ni\u00f1as, ni\u00f1os y j\u00f3venes, los Semilleros Creativos del programa Cultura Comunitaria llevan a cabo muestras estatales con lo que fortalecen las colaboraciones locales y regionales. Y es que a lo largo de este 2023, los Semilleros [&hellip;]<\/p>\n","protected":false},"author":93,"featured_media":285345,"comment_status":"closed","ping_status":"closed","sticky":false,"template":"","format":"standard","meta":{"footnotes":""},"categories":[41],"tags":[],"class_list":["post-285343","post","type-post","status-publish","format-standard","has-post-thumbnail","hentry","category-arteria-cultural"],"_links":{"self":[{"href":"https:\/\/plazajuarez.mx\/historico\/wp-json\/wp\/v2\/posts\/285343","targetHints":{"allow":["GET"]}}],"collection":[{"href":"https:\/\/plazajuarez.mx\/historico\/wp-json\/wp\/v2\/posts"}],"about":[{"href":"https:\/\/plazajuarez.mx\/historico\/wp-json\/wp\/v2\/types\/post"}],"author":[{"embeddable":true,"href":"https:\/\/plazajuarez.mx\/historico\/wp-json\/wp\/v2\/users\/93"}],"replies":[{"embeddable":true,"href":"https:\/\/plazajuarez.mx\/historico\/wp-json\/wp\/v2\/comments?post=285343"}],"version-history":[{"count":0,"href":"https:\/\/plazajuarez.mx\/historico\/wp-json\/wp\/v2\/posts\/285343\/revisions"}],"wp:featuredmedia":[{"embeddable":true,"href":"https:\/\/plazajuarez.mx\/historico\/wp-json\/wp\/v2\/media\/285345"}],"wp:attachment":[{"href":"https:\/\/plazajuarez.mx\/historico\/wp-json\/wp\/v2\/media?parent=285343"}],"wp:term":[{"taxonomy":"category","embeddable":true,"href":"https:\/\/plazajuarez.mx\/historico\/wp-json\/wp\/v2\/categories?post=285343"},{"taxonomy":"post_tag","embeddable":true,"href":"https:\/\/plazajuarez.mx\/historico\/wp-json\/wp\/v2\/tags?post=285343"}],"curies":[{"name":"wp","href":"https:\/\/api.w.org\/{rel}","templated":true}]}}