{"id":285340,"date":"2023-10-10T17:08:40","date_gmt":"2023-10-10T23:08:40","guid":{"rendered":"https:\/\/plazajuarez.mx\/?p=285340"},"modified":"2023-10-10T17:15:32","modified_gmt":"2023-10-10T23:15:32","slug":"tras-un-ano-de-la-muerte-de-marciano-enanitos-verdes-anuncian-disco-gira","status":"publish","type":"post","link":"https:\/\/plazajuarez.mx\/historico\/tras-un-ano-de-la-muerte-de-marciano-enanitos-verdes-anuncian-disco-gira\/","title":{"rendered":"Tras un a\u00f1o de la muerte de Marciano, Enanitos Verdes anuncian disco, gira y documental"},"content":{"rendered":"\n<p>El ic\u00f3nico grupo argentino de rock Enanitos Verdes anunci\u00f3 en una entrevista con EFE este martes un nuevo disco, una gira y un documental, transcurrido un a\u00f1o desde el fallecimiento de su vocalista, Horacio \u201cMarciano\u201d Cantero.<\/p>\n\n\n\n<p>\u201cEs una nueva era, podr\u00edamos decir. Estamos en este rearmado despu\u00e9s de la partida de Marciano. Y la verdad es que seguimos tocando y haciendo lo que venimos haciendo hace m\u00e1s de 40 a\u00f1os. Somos una banda tracci\u00f3n a sangre. Lo que m\u00e1s nos gusta es tocar en vivo, y seguimos en ese camino\u201d, dijo Felipe Staiti, durante una visita a Miami (EE.UU).<\/p>\n\n\n\n<p>\u201cLa ausencia de Marciano es algo que a\u00fan duele. Pero mientras la m\u00fasica est\u00e9 sonando, \u00e9l sigue vivo entre nosotros&#8221;, se\u00f1al\u00f3 Staiti, el guitarrista de la banda.<\/p>\n\n\n\n<p>Marciano Cantero, una voz inconfundible del rock latinoamericano, falleci\u00f3 el 8 de septiembre de 2022 debido a una afecci\u00f3n renal en Mendoza, Argentina.<\/p>\n\n\n\n<p>Este a\u00f1o, la banda ha experimentado una reestructuraci\u00f3n y ha realizado exitosas giras por varios lugares de Am\u00e9rica Latina.<\/p>\n\n\n\n<p>\u201cPr\u00f3ximamente vamos a M\u00e9xico, y terminaremos el a\u00f1o en Estados Unidos. Adem\u00e1s, el pr\u00f3ximo a\u00f1o estrenaremos un documental de la banda, un nuevo disco y, por supuesto, seguiremos girando&#8221;, a\u00f1adi\u00f3.<\/p>\n\n\n\n<p>Aunque Staiti declin\u00f3 dar detalles sobre la nueva producci\u00f3n, no descart\u00f3 que el conjunto tenga cantantes invitados, como sucedi\u00f3 durante el festival \u201cB\u00e9same Mucho\u201d, en el que Rub\u00e9n Albarr\u00e1n de Caf\u00e9 Tacvba, David Summers de Hombres G y Noel Schajris de Sin Bandera asumieron el papel de l\u00edder vocal.<\/p>\n\n\n\n<p>Al hablar del documental, Staiti se\u00f1al\u00f3 que es un proyecto que comenzaron en 2022 para celebrar los 40 a\u00f1os de Enanitos Verdes. \u201cRevolvimos los ba\u00fales y sacamos todos los recuerdos\u201d, record\u00f3. Ya est\u00e1n d\u00e1ndole los toques finales.<\/p>\n\n\n\n<p>Enanitos Verdes, grupo conocido por \u00e9xitos como \u201cLa muralla verde\u201d y \u201cLamento boliviano\u201d, comenz\u00f3 su trayectoria en 1979, durante la dictadura militar argentina.<\/p>\n\n\n\n<p>Formado por Marciano, Staiti y Daniel Piccolo en la bater\u00eda, el grupo se catapult\u00f3 al estrellato con su primer \u00e9xito \u201cA\u00fan sigo cantando\u201d a mediados de la d\u00e9cada de 1980.<\/p>\n\n\n\n<p>Uno de los referentes del rock en espa\u00f1ol con Cantero no solo como bajista y cantante sino tambi\u00e9n como el rostro emblem\u00e1tico de la banda. Hoy en d\u00eda, Enanitos Verdes tiene m\u00e1s de ocho millones de suscriptores en Spotify.<\/p>\n\n\n\n<p>Sobre el futuro del g\u00e9nero, Staiti lament\u00f3 no ver \u201cnada\u201d del rock en la m\u00fasica latina actual.<\/p>\n\n\n\n<p>\u201cEl rock es una actitud frente a la vida. Es la electricidad, la distorsi\u00f3n, el sonido de una bater\u00eda. Eso es el rock&#8221;, reflexion\u00f3 el artista sobre la esencia de la m\u00fasica que ha cultivado durante d\u00e9cadas.<\/p>\n","protected":false},"excerpt":{"rendered":"<p>El ic\u00f3nico grupo argentino de rock Enanitos Verdes anunci\u00f3 en una entrevista con EFE este martes un nuevo disco, una gira y un documental, transcurrido un a\u00f1o desde el fallecimiento de su vocalista, Horacio \u201cMarciano\u201d Cantero. \u201cEs una nueva era, podr\u00edamos decir. Estamos en este rearmado despu\u00e9s de la partida de Marciano. Y la verdad [&hellip;]<\/p>\n","protected":false},"author":80,"featured_media":285341,"comment_status":"closed","ping_status":"closed","sticky":false,"template":"","format":"standard","meta":{"footnotes":""},"categories":[38],"tags":[],"class_list":["post-285340","post","type-post","status-publish","format-standard","has-post-thumbnail","hentry","category-show"],"_links":{"self":[{"href":"https:\/\/plazajuarez.mx\/historico\/wp-json\/wp\/v2\/posts\/285340","targetHints":{"allow":["GET"]}}],"collection":[{"href":"https:\/\/plazajuarez.mx\/historico\/wp-json\/wp\/v2\/posts"}],"about":[{"href":"https:\/\/plazajuarez.mx\/historico\/wp-json\/wp\/v2\/types\/post"}],"author":[{"embeddable":true,"href":"https:\/\/plazajuarez.mx\/historico\/wp-json\/wp\/v2\/users\/80"}],"replies":[{"embeddable":true,"href":"https:\/\/plazajuarez.mx\/historico\/wp-json\/wp\/v2\/comments?post=285340"}],"version-history":[{"count":0,"href":"https:\/\/plazajuarez.mx\/historico\/wp-json\/wp\/v2\/posts\/285340\/revisions"}],"wp:featuredmedia":[{"embeddable":true,"href":"https:\/\/plazajuarez.mx\/historico\/wp-json\/wp\/v2\/media\/285341"}],"wp:attachment":[{"href":"https:\/\/plazajuarez.mx\/historico\/wp-json\/wp\/v2\/media?parent=285340"}],"wp:term":[{"taxonomy":"category","embeddable":true,"href":"https:\/\/plazajuarez.mx\/historico\/wp-json\/wp\/v2\/categories?post=285340"},{"taxonomy":"post_tag","embeddable":true,"href":"https:\/\/plazajuarez.mx\/historico\/wp-json\/wp\/v2\/tags?post=285340"}],"curies":[{"name":"wp","href":"https:\/\/api.w.org\/{rel}","templated":true}]}}