{"id":285219,"date":"2023-10-10T04:53:10","date_gmt":"2023-10-10T10:53:10","guid":{"rendered":"https:\/\/plazajuarez.mx\/?p=285219"},"modified":"2023-10-10T04:53:12","modified_gmt":"2023-10-10T10:53:12","slug":"la-fia-estudiara-medidas-para-combatir-el-calor-extremo-en-las-competiciones","status":"publish","type":"post","link":"https:\/\/plazajuarez.mx\/historico\/la-fia-estudiara-medidas-para-combatir-el-calor-extremo-en-las-competiciones\/","title":{"rendered":"La FIA estudiar\u00e1 medidas para combatir el calor extremo en las competiciones"},"content":{"rendered":"\n<p>La Federaci\u00f3n Internacional de Automovilismo (FIA) inform\u00f3 este lunes de que estudiar\u00e1 medidas en la pr\u00f3xima reuni\u00f3n de su comisi\u00f3n m\u00e9dica en Par\u00eds que ayuden a evitar situaciones como las vividas en el \u00faltimo Gran Premio de Catar de F\u00f3rmula Uno, en el que considera que la temperatura y la humedad extrema &#8220;tuvieron un impacto en el bienestar de los pilotos&#8221;.<\/p>\n\n\n\n<p>&#8220;La FIA observa con preocupaci\u00f3n que la temperatura y la humedad extremas durante el Gran Premio de Catar de F\u00f3rmula 1 de la FIA de 2023 tuvieron un impacto en el bienestar de los pilotos. Aunque sean atletas de \u00e9lite, no se debe esperar que compitan en condiciones que puedan poner en peligro su salud o seguridad&#8221;, indica el organismo en un comunicado.&nbsp;<\/p>\n\n\n\n<p>&#8220;El funcionamiento seguro de los coches es, en todo momento, responsabilidad de los competidores. Sin embargo, al igual que sucede con otros asuntos relacionados con la seguridad, como la infraestructura del circuito y los requisitos de seguridad de los coches, la FIA tomar\u00e1 todas las medidas razonables para establecer y comunicar par\u00e1metros aceptables en los que se realizan competiciones&#8221;, a\u00f1ade.<\/p>\n\n\n\n<p>Ahora, espera que la situaci\u00f3n no se repita: &#8220;La FIA ha iniciado un an\u00e1lisis de la situaci\u00f3n en Catar para ofrecer recomendaciones para futuras situaciones de condiciones clim\u00e1ticas extremas. Cabe se\u00f1alar que si bien la edici\u00f3n del Gran Premio de Catar del pr\u00f3ximo a\u00f1o est\u00e1 programada para finales de a\u00f1o, cuando se espera que las temperaturas sean m\u00e1s bajas, la FIA prefiere tomar medidas materiales ahora para evitar que se repita este escenario&#8221;.<\/p>\n\n\n\n<p>&#8220;En la pr\u00f3xima reuni\u00f3n de la comisi\u00f3n m\u00e9dica en Par\u00eds&#8221;, se\u00f1ala, &#8220;se discutir\u00e1n varias medidas. Estas pueden incluir orientaci\u00f3n para los competidores, investigaci\u00f3n sobre modificaciones para un flujo de aire m\u00e1s eficiente en la cabina, y recomendaciones de cambios en el calendario para alinearlo con condiciones clim\u00e1ticas aceptables, entre otras&#8221;.&nbsp;<\/p>\n\n\n\n<p>&#8220;Se examinar\u00e1n las investigaciones de otras series, como las pruebas de cross-country en climas extremos, para determinar posibles aplicaciones en pruebas de circuito. El compromiso de la FIA de cooperar m\u00e1s estrechamente entre los departamentos t\u00e9cnico, de seguridad y m\u00e9dico bajo el liderazgo del presidente de la FIA facilitar\u00e1 este proceso&#8221;, concluye el texto.<\/p>\n","protected":false},"excerpt":{"rendered":"<p>La Federaci\u00f3n Internacional de Automovilismo (FIA) inform\u00f3 este lunes de que estudiar\u00e1 medidas en la pr\u00f3xima reuni\u00f3n de su comisi\u00f3n m\u00e9dica en Par\u00eds que ayuden a evitar situaciones como las vividas en el \u00faltimo Gran Premio de Catar de F\u00f3rmula Uno, en el que considera que la temperatura y la humedad extrema &#8220;tuvieron un impacto [&hellip;]<\/p>\n","protected":false},"author":80,"featured_media":285220,"comment_status":"closed","ping_status":"closed","sticky":false,"template":"","format":"standard","meta":{"footnotes":""},"categories":[39],"tags":[],"class_list":["post-285219","post","type-post","status-publish","format-standard","has-post-thumbnail","hentry","category-deportiva"],"_links":{"self":[{"href":"https:\/\/plazajuarez.mx\/historico\/wp-json\/wp\/v2\/posts\/285219","targetHints":{"allow":["GET"]}}],"collection":[{"href":"https:\/\/plazajuarez.mx\/historico\/wp-json\/wp\/v2\/posts"}],"about":[{"href":"https:\/\/plazajuarez.mx\/historico\/wp-json\/wp\/v2\/types\/post"}],"author":[{"embeddable":true,"href":"https:\/\/plazajuarez.mx\/historico\/wp-json\/wp\/v2\/users\/80"}],"replies":[{"embeddable":true,"href":"https:\/\/plazajuarez.mx\/historico\/wp-json\/wp\/v2\/comments?post=285219"}],"version-history":[{"count":0,"href":"https:\/\/plazajuarez.mx\/historico\/wp-json\/wp\/v2\/posts\/285219\/revisions"}],"wp:featuredmedia":[{"embeddable":true,"href":"https:\/\/plazajuarez.mx\/historico\/wp-json\/wp\/v2\/media\/285220"}],"wp:attachment":[{"href":"https:\/\/plazajuarez.mx\/historico\/wp-json\/wp\/v2\/media?parent=285219"}],"wp:term":[{"taxonomy":"category","embeddable":true,"href":"https:\/\/plazajuarez.mx\/historico\/wp-json\/wp\/v2\/categories?post=285219"},{"taxonomy":"post_tag","embeddable":true,"href":"https:\/\/plazajuarez.mx\/historico\/wp-json\/wp\/v2\/tags?post=285219"}],"curies":[{"name":"wp","href":"https:\/\/api.w.org\/{rel}","templated":true}]}}