{"id":285216,"date":"2023-10-10T04:48:07","date_gmt":"2023-10-10T10:48:07","guid":{"rendered":"https:\/\/plazajuarez.mx\/?p=285216"},"modified":"2023-10-10T04:48:09","modified_gmt":"2023-10-10T10:48:09","slug":"sergio-checo-perez-ya-trabaja-en-la-fabrica-de-red-bull","status":"publish","type":"post","link":"https:\/\/plazajuarez.mx\/historico\/sergio-checo-perez-ya-trabaja-en-la-fabrica-de-red-bull\/","title":{"rendered":"Sergio &#8220;Checo&#8221; P\u00e9rez ya trabaja en la f\u00e1brica de Red Bull"},"content":{"rendered":"\n<p>Sergio &#8220;Checo&#8221; P\u00e9rez ya est\u00e1 de vuelta en la f\u00e1brica de Red Bull para trabajar y analizar todo lo que sucedi\u00f3 en el Gran Premio de Qatar hace apenas unas horas.<\/p>\n\n\n\n<p>El piloto mexicano tuvo una mala clasificaci\u00f3n, luego el s\u00e1bado le chocaron en la carrera sprint y el domingo larg\u00f3 desde el pitlane, adem\u00e1s de que recibi\u00f3 penalizaciones por superar los l\u00edmites de pista.<\/p>\n\n\n\n<p>Al final, Sergio sum\u00f3 un solo punto en Lusail, aunque mantiene el segundo puesto en el campeonato de pilotos, sitio que la escuder\u00eda austriaca quiere que mantenga para por primera vez en la historia celebrar el 1-2 al final de la temporada; cabe recordar que Max Verstappen se coron\u00f3 campe\u00f3n el s\u00e1bado luego de la mini carrera en tierras qatar\u00edes.<\/p>\n\n\n\n<p>Fue en sus redes sociales donde el volante de Guadalajara comparti\u00f3 una imagen en la que se ve la f\u00e1brica del equipo con sede en Milton Keynes, Inglaterra.<\/p>\n","protected":false},"excerpt":{"rendered":"<p>Sergio &#8220;Checo&#8221; P\u00e9rez ya est\u00e1 de vuelta en la f\u00e1brica de Red Bull para trabajar y analizar todo lo que sucedi\u00f3 en el Gran Premio de Qatar hace apenas unas horas. El piloto mexicano tuvo una mala clasificaci\u00f3n, luego el s\u00e1bado le chocaron en la carrera sprint y el domingo larg\u00f3 desde el pitlane, adem\u00e1s [&hellip;]<\/p>\n","protected":false},"author":81,"featured_media":285217,"comment_status":"closed","ping_status":"closed","sticky":false,"template":"","format":"standard","meta":{"footnotes":""},"categories":[39],"tags":[],"class_list":["post-285216","post","type-post","status-publish","format-standard","has-post-thumbnail","hentry","category-deportiva"],"_links":{"self":[{"href":"https:\/\/plazajuarez.mx\/historico\/wp-json\/wp\/v2\/posts\/285216","targetHints":{"allow":["GET"]}}],"collection":[{"href":"https:\/\/plazajuarez.mx\/historico\/wp-json\/wp\/v2\/posts"}],"about":[{"href":"https:\/\/plazajuarez.mx\/historico\/wp-json\/wp\/v2\/types\/post"}],"author":[{"embeddable":true,"href":"https:\/\/plazajuarez.mx\/historico\/wp-json\/wp\/v2\/users\/81"}],"replies":[{"embeddable":true,"href":"https:\/\/plazajuarez.mx\/historico\/wp-json\/wp\/v2\/comments?post=285216"}],"version-history":[{"count":0,"href":"https:\/\/plazajuarez.mx\/historico\/wp-json\/wp\/v2\/posts\/285216\/revisions"}],"wp:featuredmedia":[{"embeddable":true,"href":"https:\/\/plazajuarez.mx\/historico\/wp-json\/wp\/v2\/media\/285217"}],"wp:attachment":[{"href":"https:\/\/plazajuarez.mx\/historico\/wp-json\/wp\/v2\/media?parent=285216"}],"wp:term":[{"taxonomy":"category","embeddable":true,"href":"https:\/\/plazajuarez.mx\/historico\/wp-json\/wp\/v2\/categories?post=285216"},{"taxonomy":"post_tag","embeddable":true,"href":"https:\/\/plazajuarez.mx\/historico\/wp-json\/wp\/v2\/tags?post=285216"}],"curies":[{"name":"wp","href":"https:\/\/api.w.org\/{rel}","templated":true}]}}