{"id":285211,"date":"2023-10-10T04:37:34","date_gmt":"2023-10-10T10:37:34","guid":{"rendered":"https:\/\/plazajuarez.mx\/?p=285211"},"modified":"2023-10-10T04:37:44","modified_gmt":"2023-10-10T10:37:44","slug":"auge-humano-2","status":"publish","type":"post","link":"https:\/\/plazajuarez.mx\/historico\/auge-humano-2\/","title":{"rendered":"Auge humano"},"content":{"rendered":"\n<h2 class=\"wp-block-heading\">CINE DE HOY<\/h2>\n\n\n\n<p>En esta ocasi\u00f3n vamos a hablar del cineasta Eduardo Williams y su serie de pel\u00edculas \u201cEl auge del humano\u201d, que resultan filmes bastantes originales, que, sin embargo, no ser\u00e1n del gusto de todo el p\u00fablico<\/p>\n\n\n\n<p>Hace siete a\u00f1os, el cineasta argentino Eduardo Williams, emprendi\u00f3 un singular proyecto al que bautiz\u00f3 como \u201cEl auge del humano\u201d que segu\u00eda a tres grupos de personas en Argentina, Mozambique y Filipinas.<\/p>\n\n\n\n<p>La S\u00e9ptima Edici\u00f3n del Festival Black Canvas que se exhibe en la Cineteca Nacional y otras sedes capitalinas, presenta la tercera cinta de la serie, contando adem\u00e1s con la presencia del singular director como uno de los invitados especiales.<\/p>\n\n\n\n<p>Williams sigue a tres grupos de personas por la amazon\u00eda peruana, por las monta\u00f1as taiwanesas y por las aguas cingalesas.<\/p>\n\n\n\n<p>Parten con destino incierto, siempre en busca de un lugar mejor, estrechando los lazos entre ellos.<\/p>\n\n\n\n<p>El director explica que decidi\u00f3 utilizar una c\u00e1mara 360 que abarca todo el horizonte y que por momentos da a la imagen una textura de videojuego.<\/p>\n\n\n\n<p>Sin embargo, siempre est\u00e1 consciente de la naturaleza y el paisaje, que se vuelve parte importante del filme, d\u00e1ndole un tono po\u00e9tico al asunto.<\/p>\n\n\n\n<p>Explica que la mayor\u00eda de los int\u00e9rpretes no son actores profesionales y que recibieron una absoluta libertad para elaborar sus di\u00e1logos, con la premisa de que nada de lo que hicieran estaba mal.<\/p>\n\n\n\n<p>\u201cEl auge del Humano 3\u201d resulta pues, un filme bastante original, de gran belleza pl\u00e1stica, pero que no ser\u00e1 del agrado de todo el mundo, por su radical propuesta est\u00e9tica.&nbsp;&nbsp;&nbsp;&nbsp;<\/p>\n","protected":false},"excerpt":{"rendered":"<p>CINE DE HOY En esta ocasi\u00f3n vamos a hablar del cineasta Eduardo Williams y su serie de pel\u00edculas \u201cEl auge del humano\u201d, que resultan filmes bastantes originales, que, sin embargo, no ser\u00e1n del gusto de todo el p\u00fablico Hace siete a\u00f1os, el cineasta argentino Eduardo Williams, emprendi\u00f3 un singular proyecto al que bautiz\u00f3 como \u201cEl [&hellip;]<\/p>\n","protected":false},"author":96,"featured_media":247288,"comment_status":"closed","ping_status":"closed","sticky":false,"template":"","format":"standard","meta":{"footnotes":""},"categories":[41,54],"tags":[],"class_list":["post-285211","post","type-post","status-publish","format-standard","has-post-thumbnail","hentry","category-arteria-cultural","category-jorge-carrasco"],"_links":{"self":[{"href":"https:\/\/plazajuarez.mx\/historico\/wp-json\/wp\/v2\/posts\/285211","targetHints":{"allow":["GET"]}}],"collection":[{"href":"https:\/\/plazajuarez.mx\/historico\/wp-json\/wp\/v2\/posts"}],"about":[{"href":"https:\/\/plazajuarez.mx\/historico\/wp-json\/wp\/v2\/types\/post"}],"author":[{"embeddable":true,"href":"https:\/\/plazajuarez.mx\/historico\/wp-json\/wp\/v2\/users\/96"}],"replies":[{"embeddable":true,"href":"https:\/\/plazajuarez.mx\/historico\/wp-json\/wp\/v2\/comments?post=285211"}],"version-history":[{"count":0,"href":"https:\/\/plazajuarez.mx\/historico\/wp-json\/wp\/v2\/posts\/285211\/revisions"}],"wp:featuredmedia":[{"embeddable":true,"href":"https:\/\/plazajuarez.mx\/historico\/wp-json\/wp\/v2\/media\/247288"}],"wp:attachment":[{"href":"https:\/\/plazajuarez.mx\/historico\/wp-json\/wp\/v2\/media?parent=285211"}],"wp:term":[{"taxonomy":"category","embeddable":true,"href":"https:\/\/plazajuarez.mx\/historico\/wp-json\/wp\/v2\/categories?post=285211"},{"taxonomy":"post_tag","embeddable":true,"href":"https:\/\/plazajuarez.mx\/historico\/wp-json\/wp\/v2\/tags?post=285211"}],"curies":[{"name":"wp","href":"https:\/\/api.w.org\/{rel}","templated":true}]}}