{"id":285208,"date":"2023-10-10T04:32:51","date_gmt":"2023-10-10T10:32:51","guid":{"rendered":"https:\/\/plazajuarez.mx\/?p=285208"},"modified":"2023-10-10T04:32:52","modified_gmt":"2023-10-10T10:32:52","slug":"habra-nueva-generacion-de-ninos-cantores-de-hidalgo","status":"publish","type":"post","link":"https:\/\/plazajuarez.mx\/historico\/habra-nueva-generacion-de-ninos-cantores-de-hidalgo\/","title":{"rendered":"Habr\u00e1 nueva generaci\u00f3n de \u201cNi\u00f1os cantores de Hidalgo\u201d"},"content":{"rendered":"\n<p>La agrupaci\u00f3n inici\u00f3 en abril de 2010 con el prop\u00f3sito de difundir las diferentes formas de expresi\u00f3n ligadas al canto<\/p>\n\n\n\n<p>El Consejo Estatal para la Cultura y las Artes de Hidalgo (Cecultah) dio a conocer que llev\u00f3 a cabo la audici\u00f3n para infancias que deseen formar parte de la agrupaci\u00f3n coral \u201cNi\u00f1os cantores de Hidalgo\u201d con el objetivo de consolidar una nueva generaci\u00f3n que con la pr\u00e1ctica en escena contribuya en la difusi\u00f3n del repertorio tradicional hidalguense y acad\u00e9mico.<\/p>\n\n\n\n<p>Diana Rangel Z\u00fa\u00f1iga, directora general del Cecultah (perteneciente a la Secretar\u00eda de Cultura), detall\u00f3 que la selecci\u00f3n se realizar\u00e1 en la sala Abundio Mart\u00ednez, del Centro de las Artes de Hidalgo y que los resultados se dieron a conocer este 9 de octubre v\u00eda correo electr\u00f3nico.<\/p>\n\n\n\n<p>Record\u00f3 que la agrupaci\u00f3n inici\u00f3 sus actividades en abril de 2010 con el prop\u00f3sito de difundir las diferentes formas de expresi\u00f3n ligadas al canto y potenciar la formaci\u00f3n musical; est\u00e1 integrada por las voces infantiles m\u00e1s destacadas de diversos coros municipales del estado.<\/p>\n\n\n\n<p>\u201cDentro de su repertorio ha integrado piezas de la l\u00edrica infantil, m\u00fasica folcl\u00f3rica mexicana con \u00e9nfasis en el repertorio hidalguense y canciones de diversas regiones del mundo. Se ha presentado en los principales recintos de Chihuahua, Veracruz, Guanajuato, Michoac\u00e1n, San Luis Potos\u00ed y Ciudad de M\u00e9xico, as\u00ed como en los foros m\u00e1s importantes del estado\u201d, coment\u00f3 Rangel Z\u00fa\u00f1iga.<\/p>\n\n\n\n<p>Las y los seleccionados, quienes tienen entre siete y 11 a\u00f1os, recibir\u00e1n talleres gratuitos de t\u00e9cnica de canto y ensamble coral, sin embargo, deber\u00e1n asumir el compromiso de ensayos y presentaciones.&nbsp;<\/p>\n\n\n\n<p>Finalmente, Diana Rangel destac\u00f3 que el Centro de las Artes se enfoca en las disciplinas de literatura, artes esc\u00e9nicas: danza, teatro, m\u00fasica y artes visuales en fotograf\u00eda y gr\u00e1fica con la misi\u00f3n de promover y estimular la expresi\u00f3n art\u00edstica en sus diversas manifestaciones a trav\u00e9s de procesos de formaci\u00f3n inicial y especializada que demanda la poblaci\u00f3n hidalguense, as\u00ed como motivar al p\u00fablico a acercarse a las artes, de manera incluyente con el prop\u00f3sito de propiciar valores que favorezcan la convivencia arm\u00f3nica.<\/p>\n","protected":false},"excerpt":{"rendered":"<p>La agrupaci\u00f3n inici\u00f3 en abril de 2010 con el prop\u00f3sito de difundir las diferentes formas de expresi\u00f3n ligadas al canto El Consejo Estatal para la Cultura y las Artes de Hidalgo (Cecultah) dio a conocer que llev\u00f3 a cabo la audici\u00f3n para infancias que deseen formar parte de la agrupaci\u00f3n coral \u201cNi\u00f1os cantores de Hidalgo\u201d [&hellip;]<\/p>\n","protected":false},"author":93,"featured_media":285209,"comment_status":"closed","ping_status":"closed","sticky":false,"template":"","format":"standard","meta":{"footnotes":""},"categories":[41],"tags":[],"class_list":["post-285208","post","type-post","status-publish","format-standard","has-post-thumbnail","hentry","category-arteria-cultural"],"_links":{"self":[{"href":"https:\/\/plazajuarez.mx\/historico\/wp-json\/wp\/v2\/posts\/285208","targetHints":{"allow":["GET"]}}],"collection":[{"href":"https:\/\/plazajuarez.mx\/historico\/wp-json\/wp\/v2\/posts"}],"about":[{"href":"https:\/\/plazajuarez.mx\/historico\/wp-json\/wp\/v2\/types\/post"}],"author":[{"embeddable":true,"href":"https:\/\/plazajuarez.mx\/historico\/wp-json\/wp\/v2\/users\/93"}],"replies":[{"embeddable":true,"href":"https:\/\/plazajuarez.mx\/historico\/wp-json\/wp\/v2\/comments?post=285208"}],"version-history":[{"count":0,"href":"https:\/\/plazajuarez.mx\/historico\/wp-json\/wp\/v2\/posts\/285208\/revisions"}],"wp:featuredmedia":[{"embeddable":true,"href":"https:\/\/plazajuarez.mx\/historico\/wp-json\/wp\/v2\/media\/285209"}],"wp:attachment":[{"href":"https:\/\/plazajuarez.mx\/historico\/wp-json\/wp\/v2\/media?parent=285208"}],"wp:term":[{"taxonomy":"category","embeddable":true,"href":"https:\/\/plazajuarez.mx\/historico\/wp-json\/wp\/v2\/categories?post=285208"},{"taxonomy":"post_tag","embeddable":true,"href":"https:\/\/plazajuarez.mx\/historico\/wp-json\/wp\/v2\/tags?post=285208"}],"curies":[{"name":"wp","href":"https:\/\/api.w.org\/{rel}","templated":true}]}}