{"id":28498,"date":"2016-09-16T19:56:23","date_gmt":"2016-09-16T19:56:23","guid":{"rendered":"http:\/\/plazajuarez.mx\/index\/index.php\/2016\/09\/16\/reportan-saldo-blanco-tras-desfile-militar\/"},"modified":"2016-09-16T19:56:23","modified_gmt":"2016-09-16T19:56:23","slug":"reportan-saldo-blanco-tras-desfile-militar","status":"publish","type":"post","link":"https:\/\/plazajuarez.mx\/historico\/reportan-saldo-blanco-tras-desfile-militar\/","title":{"rendered":"Reportan saldo blanco tras desfile militar"},"content":{"rendered":"<p>La Secretar\u00eda de Seguridad P\u00fablica capitalina report\u00f3 saldo blanco al t\u00e9rmino del desfile militar para conmemorar el 206 aniversario de la Independencia de M\u00e9xico.<\/p>\n<p>  <!--more-->  <\/p>\n<p>En la cuenta de Twitter de la dependencia indic\u00f3 que concluy\u00f3 el dispositivo de seguridad implementado por los festejos patrios.<\/p>\n<p>Agreg\u00f3 que Hiram Almeida, titular de la dependencia, se encarg\u00f3 de encabezar el dispositivo durante el desfile militar.<\/p>\n<p>El Centro de Comando, Control, C\u00f3mputo y Comunicaciones de la Ciudad de M\u00e9xico indic\u00f3 que se normaliz\u00f3 la circulaci\u00f3n en Eje Central tras concluido el evento.<\/p>\n<p>Posteriormente, el general No\u00e9 Sandoval asegur\u00f3 al presidente Enrique Pe\u00f1a Nieto que el desfile transcurri\u00f3 sin novedad.<\/p>\n<p>Al t\u00e9rmino del evento, el mandatario y su esposa Ang\u00e9lica Rivera, abandonaron el balc\u00f3n de Palacio Nacional para dirigirse al Campo Marte.<\/p>\n<p>\u00a0<\/p>\n","protected":false},"excerpt":{"rendered":"<p>La Secretar\u00eda de Seguridad P\u00fablica capitalina report\u00f3 saldo blanco al t\u00e9rmino del desfile militar para conmemorar el 206 aniversario de la Independencia de M\u00e9xico.<\/p>\n","protected":false},"author":6,"featured_media":0,"comment_status":"open","ping_status":"open","sticky":false,"template":"","format":"standard","meta":{"footnotes":""},"categories":[36],"tags":[],"class_list":["post-28498","post","type-post","status-publish","format-standard","hentry","category-nacion"],"_links":{"self":[{"href":"https:\/\/plazajuarez.mx\/historico\/wp-json\/wp\/v2\/posts\/28498","targetHints":{"allow":["GET"]}}],"collection":[{"href":"https:\/\/plazajuarez.mx\/historico\/wp-json\/wp\/v2\/posts"}],"about":[{"href":"https:\/\/plazajuarez.mx\/historico\/wp-json\/wp\/v2\/types\/post"}],"author":[{"embeddable":true,"href":"https:\/\/plazajuarez.mx\/historico\/wp-json\/wp\/v2\/users\/6"}],"replies":[{"embeddable":true,"href":"https:\/\/plazajuarez.mx\/historico\/wp-json\/wp\/v2\/comments?post=28498"}],"version-history":[{"count":0,"href":"https:\/\/plazajuarez.mx\/historico\/wp-json\/wp\/v2\/posts\/28498\/revisions"}],"wp:attachment":[{"href":"https:\/\/plazajuarez.mx\/historico\/wp-json\/wp\/v2\/media?parent=28498"}],"wp:term":[{"taxonomy":"category","embeddable":true,"href":"https:\/\/plazajuarez.mx\/historico\/wp-json\/wp\/v2\/categories?post=28498"},{"taxonomy":"post_tag","embeddable":true,"href":"https:\/\/plazajuarez.mx\/historico\/wp-json\/wp\/v2\/tags?post=28498"}],"curies":[{"name":"wp","href":"https:\/\/api.w.org\/{rel}","templated":true}]}}