{"id":28497,"date":"2016-09-16T19:44:48","date_gmt":"2016-09-16T19:44:48","guid":{"rendered":"http:\/\/plazajuarez.mx\/index\/index.php\/2016\/09\/16\/encabeza-omar-fayad-el-desfile-conmemorativo-del-16-de-septiembre\/"},"modified":"2016-09-16T19:44:48","modified_gmt":"2016-09-16T19:44:48","slug":"encabeza-omar-fayad-el-desfile-conmemorativo-del-16-de-septiembre","status":"publish","type":"post","link":"https:\/\/plazajuarez.mx\/historico\/encabeza-omar-fayad-el-desfile-conmemorativo-del-16-de-septiembre\/","title":{"rendered":"Encabeza Omar Fayad el desfile conmemorativo del 16 de septiembre"},"content":{"rendered":"<p style=\"text-align: justify;\"><span lang=\"ES-MX\">El gobernador Omar Fayad, encabez\u00f3 el desfile c\u00edvico-militar conmemorativo del 16 de septiembre, mismo que volvi\u00f3 a efectuarse, como se hac\u00eda tradicionalmente, recorriendo las principales calles de la capital hidalguense, cruzando el Reloj Monumental.<\/span><\/p>\n<p>  <!--more-->  <\/p>\n<p style=\"text-align: justify;\"><span lang=\"ES-MX\">Este acto tuvo una duraci\u00f3n de 75 minutos, en el que participaron: veh\u00edculos, as\u00ed como efectivos militares de diferentes rangos, polic\u00edas estatales, municipales, bomberos, estudiantes de educaci\u00f3n B\u00e1sica y Superior, Cruz Roja, Protecci\u00f3n Civil, la Asociaci\u00f3n de Charros de Hidalgo y del Club H\u00edpico. <\/span><\/p>\n<p style=\"text-align: justify;\"><span lang=\"ES-MX\">Previo a esta actividad, el mandatario estatal llev\u00f3 a cabo una Guardia de Honor en el busto a Miguel Hidalgo y Costilla, en el parque que lleva el mismo nombre en Pachuca. <\/span><\/p>\n<p style=\"text-align: justify;\"><span lang=\"ES-MX\">El jefe del Ejecutivo y el General de Brigada DEM, Sergio Armando Barrera Salcedo, Comandante de la 18va Zona Militar, colocaron la ofrenda floral como homenaje a tan importante personaje de la Independencia mexicana.<\/span><\/p>\n<p><span lang=\"ES-MX\"><strong>Agrupamiento civil:<\/strong><\/p>\n<p>26 banderas<\/p>\n<p>30 maestros<br \/><\/span><\/p>\n<p><span lang=\"ES-MX\">2 mil 767 alumnos de educaci\u00f3n B\u00e1sica y Superior<br \/><\/span><\/p>\n<p><span lang=\"ES-MX\">Mil 153 elementos de Seguridad P\u00fablica y organismos gubernamentales<\/p>\n<p>32 jinetes y 32 caballos<\/p>\n<p>105 patrullas<\/p>\n<p>10 ambulancias<\/p>\n<p>7 canes<\/p>\n<p><strong>Por el agrupamiento militar:<\/strong><\/p>\n<p>1 bandera de guerra<\/p>\n<p>2 banderas monumentales<\/p>\n<p>16 oficiales<\/p>\n<p>319 de tropa<\/p>\n<p>395 soldados del Servicio Militar Nacional<\/p>\n<p>28 mujeres voluntarias del Servicio Militar Nacional<\/p>\n<p>30 rurales<\/p>\n<p>18 veh\u00edculos<\/p>\n<p>30 caballos<\/p>\n<p>2 canes<\/span><\/p>\n<p>\u00a0<\/p>\n<p>\u00a0<\/p>\n<p>\u00a0<\/p>\n","protected":false},"excerpt":{"rendered":"<p>El gobernador Omar Fayad, encabez\u00f3 el desfile c\u00edvico-militar conmemorativo del 16 de septiembre, mismo que volvi\u00f3 a efectuarse, como se hac\u00eda tradicionalmente, recorriendo las principales calles de la capital hidalguense, cruzando el Reloj Monumental.<\/p>\n","protected":false},"author":6,"featured_media":0,"comment_status":"open","ping_status":"open","sticky":false,"template":"","format":"standard","meta":{"footnotes":""},"categories":[59],"tags":[],"class_list":["post-28497","post","type-post","status-publish","format-standard","hentry","category-general"],"_links":{"self":[{"href":"https:\/\/plazajuarez.mx\/historico\/wp-json\/wp\/v2\/posts\/28497","targetHints":{"allow":["GET"]}}],"collection":[{"href":"https:\/\/plazajuarez.mx\/historico\/wp-json\/wp\/v2\/posts"}],"about":[{"href":"https:\/\/plazajuarez.mx\/historico\/wp-json\/wp\/v2\/types\/post"}],"author":[{"embeddable":true,"href":"https:\/\/plazajuarez.mx\/historico\/wp-json\/wp\/v2\/users\/6"}],"replies":[{"embeddable":true,"href":"https:\/\/plazajuarez.mx\/historico\/wp-json\/wp\/v2\/comments?post=28497"}],"version-history":[{"count":0,"href":"https:\/\/plazajuarez.mx\/historico\/wp-json\/wp\/v2\/posts\/28497\/revisions"}],"wp:attachment":[{"href":"https:\/\/plazajuarez.mx\/historico\/wp-json\/wp\/v2\/media?parent=28497"}],"wp:term":[{"taxonomy":"category","embeddable":true,"href":"https:\/\/plazajuarez.mx\/historico\/wp-json\/wp\/v2\/categories?post=28497"},{"taxonomy":"post_tag","embeddable":true,"href":"https:\/\/plazajuarez.mx\/historico\/wp-json\/wp\/v2\/tags?post=28497"}],"curies":[{"name":"wp","href":"https:\/\/api.w.org\/{rel}","templated":true}]}}