{"id":28496,"date":"2016-09-16T19:23:07","date_gmt":"2016-09-16T19:23:07","guid":{"rendered":"http:\/\/plazajuarez.mx\/index\/index.php\/2016\/09\/16\/hidalguenses-los-protagonistas-en-el-grito-que-encabezo-fayad-meneses\/"},"modified":"2016-09-16T19:23:07","modified_gmt":"2016-09-16T19:23:07","slug":"hidalguenses-los-protagonistas-en-el-grito-que-encabezo-fayad-meneses","status":"publish","type":"post","link":"https:\/\/plazajuarez.mx\/historico\/hidalguenses-los-protagonistas-en-el-grito-que-encabezo-fayad-meneses\/","title":{"rendered":"Hidalguenses, los protagonistas en el Grito que encabez\u00f3 Fayad Meneses"},"content":{"rendered":"<p style=\"text-align: justify;\">Porque la gente lo merece y porque en esta fecha tan especial debemos reconocer el esfuerzo cotidiano que emprenden las y los hidalguenses, en favor de nuestra entidad, es que este a\u00f1o cambi\u00f3 el protocolo del Grito de Independencia, que se realiza desde el gobierno estatal, se\u00f1al\u00f3 el titular del Ejecutivo Omar Fayad, quien horas antes del tradicional evento, sali\u00f3 de Palacio de Gobierno para presenciar, junto a las autoridades militares y policiales, el arriamiento de la Bandera Mexicana, ubicada en el asta de la Plaza Ju\u00e1rez de la capital.<\/p>\n<p>  <!--more-->  <\/p>\n<p style=\"text-align: justify;\">Despu\u00e9s del solemne acto, el gobernador interactu\u00f3 con las familias que se dieron cita a partir de las cuatro de la tarde, en el mencionado lugar; ah\u00ed, Omar Fayad degust\u00f3 los tradicionales pastes pachuque\u00f1os con la poblaci\u00f3n -alimento que fue repartido gratuitamente a la gente-.<\/p>\n<p style=\"text-align: justify;\">Asimismo, platic\u00f3 y conoci\u00f3 algunas peticiones y propuestas de padres de familia, ni\u00f1os, j\u00f3venes, as\u00ed como adultos mayores, de todas las regiones de la entidad, estados aleda\u00f1os y connacionales que viven en la Uni\u00f3n Americana y est\u00e1n de visita en Hidalgo. Con todos ellos, comparti\u00f3 charlas y sonrisas.<\/p>\n<p style=\"text-align: justify;\">Posteriormente, cercano a las 23 horas, el gobernador y su familia, se trasladaron al centro de la Plaza Ju\u00e1rez, donde el mandatario llev\u00f3 a cabo el tradicional Grito de Independencia, al comp\u00e1s del sonido de una r\u00e9plica de la campana de El Chapitel, de Huichapan, municipio cuna de este festejo, la cual fue donada, elaborada por artesanos hidalguenses y hecha en Tlahuelompa, pueblo ubicado en la sierra hidalguense, cerca de Zacualtip\u00e1n.<\/p>\n<p style=\"text-align: justify;\">Los miles de asistentes corearon y respondieron al gobernador, a todo pulm\u00f3n, con los emotivos: &#8220;\u00a1\u00a1\u00a1viva!!&#8221;. Tambi\u00e9n disfrutaron de un espect\u00e1culo piromusical, del castillo tradicional y, toda la tarde, presenciaron intervenciones de cantantes y artistas locales, tanto de talla nacional como internacional<\/p>\n","protected":false},"excerpt":{"rendered":"<p>Porque la gente lo merece y porque en esta fecha tan especial debemos reconocer el esfuerzo cotidiano que emprenden las y los hidalguenses, en favor de nuestra entidad, es que este a\u00f1o cambi\u00f3 el protocolo del Grito de Independencia, que se realiza desde el gobierno estatal, se\u00f1al\u00f3 el titular del Ejecutivo Omar Fayad, quien horas [&hellip;]<\/p>\n","protected":false},"author":6,"featured_media":0,"comment_status":"open","ping_status":"open","sticky":false,"template":"","format":"standard","meta":{"footnotes":""},"categories":[59],"tags":[],"class_list":["post-28496","post","type-post","status-publish","format-standard","hentry","category-general"],"_links":{"self":[{"href":"https:\/\/plazajuarez.mx\/historico\/wp-json\/wp\/v2\/posts\/28496","targetHints":{"allow":["GET"]}}],"collection":[{"href":"https:\/\/plazajuarez.mx\/historico\/wp-json\/wp\/v2\/posts"}],"about":[{"href":"https:\/\/plazajuarez.mx\/historico\/wp-json\/wp\/v2\/types\/post"}],"author":[{"embeddable":true,"href":"https:\/\/plazajuarez.mx\/historico\/wp-json\/wp\/v2\/users\/6"}],"replies":[{"embeddable":true,"href":"https:\/\/plazajuarez.mx\/historico\/wp-json\/wp\/v2\/comments?post=28496"}],"version-history":[{"count":0,"href":"https:\/\/plazajuarez.mx\/historico\/wp-json\/wp\/v2\/posts\/28496\/revisions"}],"wp:attachment":[{"href":"https:\/\/plazajuarez.mx\/historico\/wp-json\/wp\/v2\/media?parent=28496"}],"wp:term":[{"taxonomy":"category","embeddable":true,"href":"https:\/\/plazajuarez.mx\/historico\/wp-json\/wp\/v2\/categories?post=28496"},{"taxonomy":"post_tag","embeddable":true,"href":"https:\/\/plazajuarez.mx\/historico\/wp-json\/wp\/v2\/tags?post=28496"}],"curies":[{"name":"wp","href":"https:\/\/api.w.org\/{rel}","templated":true}]}}