{"id":28495,"date":"2016-09-16T18:29:31","date_gmt":"2016-09-16T18:29:31","guid":{"rendered":"http:\/\/plazajuarez.mx\/index\/index.php\/2016\/09\/16\/teodoro-gonzalez-de-leon-emblema-de-la-arquitectura-mexicana\/"},"modified":"2016-09-16T18:29:31","modified_gmt":"2016-09-16T18:29:31","slug":"teodoro-gonzalez-de-leon-emblema-de-la-arquitectura-mexicana","status":"publish","type":"post","link":"https:\/\/plazajuarez.mx\/historico\/teodoro-gonzalez-de-leon-emblema-de-la-arquitectura-mexicana\/","title":{"rendered":"Teodoro Gonz\u00e1lez de Le\u00f3n, emblema de la arquitectura mexicana"},"content":{"rendered":"<\/p>\n<p style=\"text-align: justify;\">\u00a0<\/p>\n<p style=\"text-align: justify;\">Esta ma\u00f1ana falleci\u00f3 el arquitecto, escultor y pintor mexicano Teodoro Gonz\u00e1lez de Le\u00f3n, quien el pasado 29 de mayo alcanz\u00f3 los 90 a\u00f1os de edad.<\/p>\n<p>  <!--more-->  <\/p>\n<p style=\"text-align: justify;\">\u00a0<\/p>\n<p style=\"text-align: justify;\">El arquitecto estudi\u00f3 en la Escuela Nacional de Arquitectura de la Universidad Nacional Aut\u00f3noma de M\u00e9xico (UNAM) ; sin embargo, a finales de los 40 trabaj\u00f3, durante 18 meses, en el taller de Le Corbusier, en Francia, uno de los m\u00e1s importantes urbanistas europeos y exponente de la arquitectura moderna.<\/p>\n<p style=\"text-align: justify;\">\u00a0<\/p>\n<p style=\"text-align: justify;\">Con Le Corbusier particip\u00f3 con los equipos de trabajo para la Unidad de Habitaci\u00f3n de Marsella y L&#8217;Usine Duval de St. Di\u00e9, en Francia.<\/p>\n<p style=\"text-align: justify;\">\u00a0<\/p>\n<p style=\"text-align: justify;\">La huella de su obra est\u00e1 en las m\u00e1s variadas zonas de la Ciudad de M\u00e9xico. El Museo Rufino Tamayo y el Museo Universitario de Arte Contempor\u00e1neo de la UNAM; la casa matriz del Fondo de Cultura Econ\u00f3mica; los edificios Arcos de Bosques I y II, el Palacio de Justicia Federal y el del INFONAVIT; El Colegio de M\u00e9xico y la Universidad Pedag\u00f3gica, as\u00ed como Reforma 222, son algunos de los inmuebles que construy\u00f3 a lo largo de su carrera. Tambi\u00e9n estuvo a cargo de la construcci\u00f3n del Auditorio Nacional, junto a Abraham Zabludovsky.<\/p>\n<p style=\"text-align: justify;\">\u00a0<\/p>\n<p style=\"text-align: justify;\">Junto a Armando Franco y Enrique Molinar, es autor del proyecto original del campus de Ciudad Universitaria, de la UNAM.<\/p>\n<p style=\"text-align: justify;\">\u00a0<\/p>\n<p style=\"text-align: justify;\">El tambi\u00e9n pintor particip\u00f3 en la Bienal de Arquitectura en Venecia, donde la arquitecta Tatiana Bilbao aseguraba que Gonz\u00e1lez de Le\u00f3n era de &#8220;esa generaci\u00f3n de grandes pensadores, el \u00fanico que queda en M\u00e9xico. No s\u00f3lo de arquitectos; de esa generaci\u00f3n de escritores y artistas, es el \u00fanico que queda, es alguien a quien hay que escuchar. Para m\u00ed es un honor haberlo conocido&#8221;.<\/p>\n<p style=\"text-align: justify;\">\u00a0<\/p>\n<p style=\"text-align: justify;\">Entre los reconocimientos que obtuvo est\u00e1n el Premio Nacional de Ciencias y Artes (1982), el Gran Premio Latinoamericano en la Bienal de Arquitectos de Buenos Aires (1989), el Premio Mario Pani Darqui (2004) y la Medalla de Oro UIA (2008). Tambi\u00e9n fue Miembro Honorario del American Institute of Architects, en 1983, Miembro de n\u00famero de la Academia de Artes de M\u00e9xico, desde 1984, y del Colegio Nacional, desde 1989.<\/p>\n<p style=\"text-align: justify;\">\u00a0<\/p>\n<p style=\"text-align: justify;\">Arquitectos, como Enrique Norten, reconoc\u00edan su trabajo, en especial por su pasi\u00f3n, entrega y cari\u00f1o; su dedicaci\u00f3n y disciplina, as\u00ed como su compromiso con la arquitectura del pa\u00eds.<\/p>\n<p style=\"text-align: justify;\">\u00a0<\/p>\n<p style=\"text-align: justify;\">De acuerdo con el subdirector general de Patrimonio Art\u00edstico del INBA, Xavier Guzm\u00e1n, Teodoro Gonz\u00e1lez de Le\u00f3n dec\u00eda que &#8220;su vida es leer, viajar, pintar, proyectar; es un hombre de libros que hace escultura, es un artista&#8221;.<\/p>\n<p>\u00a0<\/p>\n","protected":false},"excerpt":{"rendered":"<p>\u00a0 Esta ma\u00f1ana falleci\u00f3 el arquitecto, escultor y pintor mexicano Teodoro Gonz\u00e1lez de Le\u00f3n, quien el pasado 29 de mayo alcanz\u00f3 los 90 a\u00f1os de edad.<\/p>\n","protected":false},"author":6,"featured_media":0,"comment_status":"open","ping_status":"open","sticky":false,"template":"","format":"standard","meta":{"footnotes":""},"categories":[41],"tags":[],"class_list":["post-28495","post","type-post","status-publish","format-standard","hentry","category-arteria-cultural"],"_links":{"self":[{"href":"https:\/\/plazajuarez.mx\/historico\/wp-json\/wp\/v2\/posts\/28495","targetHints":{"allow":["GET"]}}],"collection":[{"href":"https:\/\/plazajuarez.mx\/historico\/wp-json\/wp\/v2\/posts"}],"about":[{"href":"https:\/\/plazajuarez.mx\/historico\/wp-json\/wp\/v2\/types\/post"}],"author":[{"embeddable":true,"href":"https:\/\/plazajuarez.mx\/historico\/wp-json\/wp\/v2\/users\/6"}],"replies":[{"embeddable":true,"href":"https:\/\/plazajuarez.mx\/historico\/wp-json\/wp\/v2\/comments?post=28495"}],"version-history":[{"count":0,"href":"https:\/\/plazajuarez.mx\/historico\/wp-json\/wp\/v2\/posts\/28495\/revisions"}],"wp:attachment":[{"href":"https:\/\/plazajuarez.mx\/historico\/wp-json\/wp\/v2\/media?parent=28495"}],"wp:term":[{"taxonomy":"category","embeddable":true,"href":"https:\/\/plazajuarez.mx\/historico\/wp-json\/wp\/v2\/categories?post=28495"},{"taxonomy":"post_tag","embeddable":true,"href":"https:\/\/plazajuarez.mx\/historico\/wp-json\/wp\/v2\/tags?post=28495"}],"curies":[{"name":"wp","href":"https:\/\/api.w.org\/{rel}","templated":true}]}}