{"id":28493,"date":"2016-09-16T18:01:44","date_gmt":"2016-09-16T18:01:44","guid":{"rendered":"http:\/\/plazajuarez.mx\/index\/index.php\/2016\/09\/16\/inauguran-feria-pachuquilla-2016\/"},"modified":"2016-09-16T18:01:44","modified_gmt":"2016-09-16T18:01:44","slug":"inauguran-feria-pachuquilla-2016","status":"publish","type":"post","link":"https:\/\/plazajuarez.mx\/historico\/inauguran-feria-pachuquilla-2016\/","title":{"rendered":"Inauguran Feria Pachuquilla 2016"},"content":{"rendered":"<\/p>\n<p style=\"text-align: justify;\"><span lang=\"ES-MX\">El alcalde de Mineral de la Reforma, Ra\u00fal Camacho Ba\u00f1os, acompa\u00f1ado por su esposa y presidenta del Sistema DIF Municipal, Arely Maya Monzalvo realiz\u00f3 el corte de list\u00f3n inaugural de la Tradicional Feria Pachuquilla, 2016;\u00a0 bajo el lema \u201cLa fiesta que nos une\u201d y bajo la coordinaci\u00f3n\u00a0 de un patronato ciudadano de feria.<\/span><\/p>\n<p>  <!--more-->  <\/p>\n<p style=\"text-align: justify;\">\u00a0<\/p>\n<p style=\"text-align: justify;\">\u00a0<\/p>\n<p style=\"text-align: justify;\"><span lang=\"ES-MX\">El alcalde destac\u00f3 la importancia que tiene preservar y fortalecer las tradiciones en el municipio, as\u00ed como hacer extensiva la invitaci\u00f3n a las familias mineralenses a visitar esta feria, en el marco de las fiestas patrias.- \u201cAgradezco a mi esposa a \u00a0los regidores y funcionarios que nos acompa\u00f1an, decirles que estamos de fiesta, estamos celebrando la \u00e9poca de oro, hoy al poder coronar a nuestra reina de la tercera edad, que representan al pilar de Mineral de la Reforma, por su arduo trabajo y por dejarnos su ense\u00f1anza y los valores, forjaron con trabajo lo que hoy es Mineral de la Reforma; son un ejemplo para las nuevas generaciones\u201d.<\/span><\/p>\n<p style=\"text-align: justify;\">\u00a0<\/p>\n<p style=\"text-align: justify;\">\u00a0<\/p>\n<p style=\"text-align: justify;\"><span lang=\"ES-MX\">Al respecto del regreso de esta feria a la cabecera municipal el edil mineralense destac\u00f3.- \u201cMuchas personas anhelaban esta feria porque son parte de nuestras tradiciones, nuestros valores; es una manera de reconocer al pueblo su apoyo, hoy me siento orgulloso de ser el presidente de Mineral de la Reforma\u201d.<\/span><\/p>\n<p style=\"text-align: justify;\">\u00a0<\/p>\n<p style=\"text-align: justify;\">\u00a0<\/p>\n<p style=\"text-align: justify;\"><span lang=\"ES-MX\">Fue en la explanada principal de Pachuquilla; donde en punto de las 20:00 horas se desarroll\u00f3 la ceremonia de inauguraci\u00f3n, de manera previa tuvo lugar la coronaci\u00f3n de Mar\u00eda Ledesma P\u00e9rez, como Reina de la Tercera Edad; as\u00ed como la presentaci\u00f3n de la Orquesta Sinf\u00f3nica Oro y Plata\u00a0 y el Grupo de Baile de Sal\u00f3n del ISSSTE.\u00a0 <br \/><\/span><\/p>\n<p style=\"text-align: justify;\">\u00a0<\/p>\n<p style=\"text-align: justify;\"><span lang=\"ES-MX\">Finalmente el alcalde, junto con integrantes de la asamblea municipal y funcionarios p\u00fablicos; recorrieron las diversas zonas de la feria a fin de saludar a los expositores y a los mineralenses\u00a0 que se dieron cita al primer d\u00eda de actividades feriales; destacando la venta de artesan\u00edas, dulces t\u00edpicos y antojitos mexicanos, donde recibi\u00f3 muestras de afecto y respaldo a su gobierno, por\u00a0 regresar esta festividad a la cabecera municipal. <\/span><\/p>\n<p style=\"text-align: justify;\">\u00a0<\/p>\n<p style=\"text-align: justify;\">\u00a0<\/p>\n<p style=\"text-align: justify;\">\u00a0<\/p>\n<p>\u00a0<\/p>\n","protected":false},"excerpt":{"rendered":"<p>El alcalde de Mineral de la Reforma, Ra\u00fal Camacho Ba\u00f1os, acompa\u00f1ado por su esposa y presidenta del Sistema DIF Municipal, Arely Maya Monzalvo realiz\u00f3 el corte de list\u00f3n inaugural de la Tradicional Feria Pachuquilla, 2016;\u00a0 bajo el lema \u201cLa fiesta que nos une\u201d y bajo la coordinaci\u00f3n\u00a0 de un patronato ciudadano de feria.<\/p>\n","protected":false},"author":6,"featured_media":0,"comment_status":"open","ping_status":"open","sticky":false,"template":"","format":"standard","meta":{"footnotes":""},"categories":[59],"tags":[],"class_list":["post-28493","post","type-post","status-publish","format-standard","hentry","category-general"],"_links":{"self":[{"href":"https:\/\/plazajuarez.mx\/historico\/wp-json\/wp\/v2\/posts\/28493","targetHints":{"allow":["GET"]}}],"collection":[{"href":"https:\/\/plazajuarez.mx\/historico\/wp-json\/wp\/v2\/posts"}],"about":[{"href":"https:\/\/plazajuarez.mx\/historico\/wp-json\/wp\/v2\/types\/post"}],"author":[{"embeddable":true,"href":"https:\/\/plazajuarez.mx\/historico\/wp-json\/wp\/v2\/users\/6"}],"replies":[{"embeddable":true,"href":"https:\/\/plazajuarez.mx\/historico\/wp-json\/wp\/v2\/comments?post=28493"}],"version-history":[{"count":0,"href":"https:\/\/plazajuarez.mx\/historico\/wp-json\/wp\/v2\/posts\/28493\/revisions"}],"wp:attachment":[{"href":"https:\/\/plazajuarez.mx\/historico\/wp-json\/wp\/v2\/media?parent=28493"}],"wp:term":[{"taxonomy":"category","embeddable":true,"href":"https:\/\/plazajuarez.mx\/historico\/wp-json\/wp\/v2\/categories?post=28493"},{"taxonomy":"post_tag","embeddable":true,"href":"https:\/\/plazajuarez.mx\/historico\/wp-json\/wp\/v2\/tags?post=28493"}],"curies":[{"name":"wp","href":"https:\/\/api.w.org\/{rel}","templated":true}]}}