{"id":28491,"date":"2016-09-16T17:41:53","date_gmt":"2016-09-16T17:41:53","guid":{"rendered":"http:\/\/plazajuarez.mx\/index\/index.php\/2016\/09\/16\/cnte-retira-sus-campamentos-en-chiapas\/"},"modified":"2016-09-16T17:41:53","modified_gmt":"2016-09-16T17:41:53","slug":"cnte-retira-sus-campamentos-en-chiapas","status":"publish","type":"post","link":"https:\/\/plazajuarez.mx\/historico\/cnte-retira-sus-campamentos-en-chiapas\/","title":{"rendered":"CNTE retira sus campamentos en Chiapas"},"content":{"rendered":"<p style=\"text-align: justify;\">Maestros de la Coordinadora Nacional de Trabajadores de la Educaci\u00f3n (CNTE) levantaron \u201cel plant\u00f3n\u201d y el movimiento en Chiapas luego de 125 d\u00edas de movilizaciones y protestas contra la reforma educativa.<\/p>\n<p>  <!--more-->  <\/p>\n<p style=\"text-align: justify;\">\u00a0<\/p>\n<p style=\"text-align: justify;\">Los docentes retiraron sus campamentos del z\u00f3calo y calles del centro de Tuxtla Guti\u00e9rrez, donde se instalaron el pasado 15 de mayo; sin embargo una fracci\u00f3n de maestros estatales de la Secci\u00f3n 40 del Sindicato Nacional de Trabajadores de la Educaci\u00f3n (SNTE) determin\u00f3 no levantarse por un tiempo indefinido.<\/p>\n<p style=\"text-align: justify;\">\u00a0<\/p>\n<p style=\"text-align: justify;\">Dirigentes de la Secci\u00f3n 7 del SNTE pospusieron una conferencia de prensa programada este viernes en el z\u00f3calo, donde dar\u00edan un pronunciamiento pol\u00edtico.<\/p>\n<p style=\"text-align: justify;\">\u00a0<\/p>\n<p style=\"text-align: justify;\">La CNTE acord\u00f3 anoche poner fin al paro de labores y &#8220;el plant\u00f3n\u201d.<\/p>\n<p style=\"text-align: justify;\">\u00a0<\/p>\n<p style=\"text-align: justify;\">De acuerdo con resultados de la consulta realizada en las delegaciones, en 266 actas los docentes aceptaron \u201cla salida pol\u00edtica\u201d, y en 191 se manifestaron en contra de esa determinaci\u00f3n.<\/p>\n<p style=\"text-align: justify;\">\u00a0<\/p>\n<p style=\"text-align: justify;\">En otras 159 delegaciones no hubo consenso o no presentaron las actas correspondientes.<\/p>\n<p style=\"text-align: justify;\">\u00a0<\/p>\n<p style=\"text-align: justify;\">El paro magisterial chiapaneco lleg\u00f3 a 125 d\u00edas, durante los cuales mantuvo un plan de movilizaciones con bloqueos carreteros, de plazas comerciales y medios de comunicaci\u00f3n, entre otros.<\/p>\n<p>\u00a0<\/p>\n","protected":false},"excerpt":{"rendered":"<p>Maestros de la Coordinadora Nacional de Trabajadores de la Educaci\u00f3n (CNTE) levantaron \u201cel plant\u00f3n\u201d y el movimiento en Chiapas luego de 125 d\u00edas de movilizaciones y protestas contra la reforma educativa.<\/p>\n","protected":false},"author":6,"featured_media":0,"comment_status":"open","ping_status":"open","sticky":false,"template":"","format":"standard","meta":{"footnotes":""},"categories":[36],"tags":[],"class_list":["post-28491","post","type-post","status-publish","format-standard","hentry","category-nacion"],"_links":{"self":[{"href":"https:\/\/plazajuarez.mx\/historico\/wp-json\/wp\/v2\/posts\/28491","targetHints":{"allow":["GET"]}}],"collection":[{"href":"https:\/\/plazajuarez.mx\/historico\/wp-json\/wp\/v2\/posts"}],"about":[{"href":"https:\/\/plazajuarez.mx\/historico\/wp-json\/wp\/v2\/types\/post"}],"author":[{"embeddable":true,"href":"https:\/\/plazajuarez.mx\/historico\/wp-json\/wp\/v2\/users\/6"}],"replies":[{"embeddable":true,"href":"https:\/\/plazajuarez.mx\/historico\/wp-json\/wp\/v2\/comments?post=28491"}],"version-history":[{"count":0,"href":"https:\/\/plazajuarez.mx\/historico\/wp-json\/wp\/v2\/posts\/28491\/revisions"}],"wp:attachment":[{"href":"https:\/\/plazajuarez.mx\/historico\/wp-json\/wp\/v2\/media?parent=28491"}],"wp:term":[{"taxonomy":"category","embeddable":true,"href":"https:\/\/plazajuarez.mx\/historico\/wp-json\/wp\/v2\/categories?post=28491"},{"taxonomy":"post_tag","embeddable":true,"href":"https:\/\/plazajuarez.mx\/historico\/wp-json\/wp\/v2\/tags?post=28491"}],"curies":[{"name":"wp","href":"https:\/\/api.w.org\/{rel}","templated":true}]}}