{"id":28490,"date":"2016-09-16T17:38:19","date_gmt":"2016-09-16T17:38:19","guid":{"rendered":"http:\/\/plazajuarez.mx\/index\/index.php\/2016\/09\/16\/desfilan-militares-por-el-206-aniversario-de-la-independencia\/"},"modified":"2016-09-16T17:38:19","modified_gmt":"2016-09-16T17:38:19","slug":"desfilan-militares-por-el-206-aniversario-de-la-independencia","status":"publish","type":"post","link":"https:\/\/plazajuarez.mx\/historico\/desfilan-militares-por-el-206-aniversario-de-la-independencia\/","title":{"rendered":"Desfilan militares por el 206 Aniversario de la Independencia"},"content":{"rendered":"<\/p>\n<p style=\"text-align: justify;\">\u00a0<\/p>\n<p style=\"text-align: justify;\">El presidente Enrique Pe\u00f1a Nieto encabeza desde el balc\u00f3n central de Palacio Nacional el desfile militar por el 206 aniversario de la Independencia de M\u00e9xico.<\/p>\n<p>  <!--more-->  <\/p>\n<p style=\"text-align: justify;\">\u00a0<\/p>\n<p style=\"text-align: justify;\">En punto de las 11:00 horas se abri\u00f3 la puerta de la sede del ejecutivo, por donde sali\u00f3 el presidente acompa\u00f1ado por los secretarios de la Defensa Nacional, General Salvador Cienfuegos, y de la Armada de M\u00e9xico, Almirante Vidal Francisco Sover\u00f3n y Sanz, as\u00ed como por el jefe del Estado Mayor Presidencial.<\/p>\n<p style=\"text-align: justify;\">\u00a0<\/p>\n<p style=\"text-align: justify;\">Dentro de la Plancha del Z\u00f3calo el mandatario camin\u00f3 para izar la bandera nacional y posteriormente, a bordo de un veh\u00edculo descubierto pasar lista a las tropas desplegadas.<\/p>\n<p style=\"text-align: justify;\">\u00a0<\/p>\n<p style=\"text-align: justify;\">Tras el descenso de un agrupamiento de paracaidistas de las Fuerzas Especiales del Ej\u00e9rcito y la Armada, el jefe de la columna solicit\u00f3 permiso al presidente de la Rep\u00fablica, quien desde el balc\u00f3n central autoriz\u00f3 el inicio de la parada.<\/p>\n<p style=\"text-align: justify;\">\u00a0<\/p>\n<p style=\"text-align: justify;\">En punto de las 11:25 comenzaron a desfilar soldados y marinos de diferentes agrupamientos, mientras que aviones militares comenzaron a surcar los cielos de la Ciudad de M\u00e9xico.<\/p>\n<p>\u00a0<\/p>\n","protected":false},"excerpt":{"rendered":"<p>\u00a0 El presidente Enrique Pe\u00f1a Nieto encabeza desde el balc\u00f3n central de Palacio Nacional el desfile militar por el 206 aniversario de la Independencia de M\u00e9xico.<\/p>\n","protected":false},"author":6,"featured_media":0,"comment_status":"open","ping_status":"open","sticky":false,"template":"","format":"standard","meta":{"footnotes":""},"categories":[36],"tags":[],"class_list":["post-28490","post","type-post","status-publish","format-standard","hentry","category-nacion"],"_links":{"self":[{"href":"https:\/\/plazajuarez.mx\/historico\/wp-json\/wp\/v2\/posts\/28490","targetHints":{"allow":["GET"]}}],"collection":[{"href":"https:\/\/plazajuarez.mx\/historico\/wp-json\/wp\/v2\/posts"}],"about":[{"href":"https:\/\/plazajuarez.mx\/historico\/wp-json\/wp\/v2\/types\/post"}],"author":[{"embeddable":true,"href":"https:\/\/plazajuarez.mx\/historico\/wp-json\/wp\/v2\/users\/6"}],"replies":[{"embeddable":true,"href":"https:\/\/plazajuarez.mx\/historico\/wp-json\/wp\/v2\/comments?post=28490"}],"version-history":[{"count":0,"href":"https:\/\/plazajuarez.mx\/historico\/wp-json\/wp\/v2\/posts\/28490\/revisions"}],"wp:attachment":[{"href":"https:\/\/plazajuarez.mx\/historico\/wp-json\/wp\/v2\/media?parent=28490"}],"wp:term":[{"taxonomy":"category","embeddable":true,"href":"https:\/\/plazajuarez.mx\/historico\/wp-json\/wp\/v2\/categories?post=28490"},{"taxonomy":"post_tag","embeddable":true,"href":"https:\/\/plazajuarez.mx\/historico\/wp-json\/wp\/v2\/tags?post=28490"}],"curies":[{"name":"wp","href":"https:\/\/api.w.org\/{rel}","templated":true}]}}