{"id":284453,"date":"2023-10-05T07:02:04","date_gmt":"2023-10-05T13:02:04","guid":{"rendered":"https:\/\/plazajuarez.mx\/?p=284453"},"modified":"2023-10-05T07:02:05","modified_gmt":"2023-10-05T13:02:05","slug":"mexico-recibe-observaciones-de-la-onu-sobre-la-desaparicion-forzada","status":"publish","type":"post","link":"https:\/\/plazajuarez.mx\/historico\/mexico-recibe-observaciones-de-la-onu-sobre-la-desaparicion-forzada\/","title":{"rendered":"M\u00e9xico recibe observaciones de la\u00a0ONU sobre la desaparici\u00f3n forzada"},"content":{"rendered":"\n<p><strong>En algunos casos, se incluyen mecanismos de protecci\u00f3n y comisiones de derechos humanos para establecer, de manera conjunta, los diferentes cursos de acci\u00f3n<\/strong><\/p>\n\n\n\n<p>El Gobierno de M\u00e9xico inform\u00f3 que recibe las recomendaciones expresadas por el Comit\u00e9 contra la Desaparici\u00f3n Forzada de Naciones Unidas.<\/p>\n\n\n\n<p>La inadecuada investigaci\u00f3n de decenas de miles de casos de desaparici\u00f3n forzada en M\u00e9xico provoca una &#8220;impunidad casi absoluta&#8221; en el pa\u00eds, denunci\u00f3 este martes el comit\u00e9 de la ONU.<\/p>\n\n\n\n<p>Las Secretar\u00edas de Gobernaci\u00f3n y de Relaciones Exteriores indicaron que el Comit\u00e9 reconoci\u00f3 la cooperaci\u00f3n de M\u00e9xico para realizar un di\u00e1logo constructivo, adem\u00e1s que se valoraron los esfuerzos realizados por varios actores desde que public\u00f3 el informe de su visita a nuestro pa\u00eds en noviembre de 2021.<\/p>\n\n\n\n<p>El documento incluye un n\u00famero muy importante de referencias a avances; entre los que destacan: i) la Declaraci\u00f3n Especial de Ausencia por Desaparici\u00f3n, ii) el Banco Nacional de Datos Forenses, iii) el Programa Nacional de B\u00fasqueda de Personas Desaparecidas y No Localizadas, iv) el aumento significativo del presupuesto y personal asignado a la Comisi\u00f3n Nacional de B\u00fasqueda, vi) el Protocolo Homologado de Investigaci\u00f3n y la existencia de fiscal\u00edas especializadas o unidades de investigaci\u00f3n en desaparici\u00f3n en todas las entidades federativas, vii) los criterios jurisprudenciales de la Suprema Corte de Justicia de la Naci\u00f3n que reconocen el derecho de las personas desaparecidas a ser buscadas.<\/p>\n\n\n\n<p>Sobre el proceso de mejora de la informaci\u00f3n en el Registro Nacional de Personas Desaparecidas y No Localizadas, &#8220;se aclara que \u00e9ste se lleva a cabo en coordinaci\u00f3n con la Comisi\u00f3n Nacional de B\u00fasqueda, las comisiones locales, y las fiscal\u00edas, quienes acompa\u00f1an de manera directa el proceso de verificaci\u00f3n del registro&#8221;.<\/p>\n\n\n\n<p>&#8220;En este proceso, se cuenta con el acompa\u00f1amiento de distintas instituciones en el entendido de que toda autoridad es auxiliar en la b\u00fasqueda de personas. Las acciones encaminadas a la verificaci\u00f3n se realizan en atenci\u00f3n a lo establecido en el Protocolo Homologado de B\u00fasqueda&#8221;, indic\u00f3 el Gobierno de M\u00e9xico.<\/p>\n\n\n\n<p>Se indic\u00f3 que desde Gobernaci\u00f3n se ha implementado un sistema de atenci\u00f3n de las acciones urgentes &#8220;que no solo se limita a la solicitud de informaci\u00f3n, sino que se realizan mesas de trabajo con familiares, agentes del ministerio p\u00fablico, comisiones de b\u00fasqueda (local y nacional), comisiones de atenci\u00f3n a v\u00edctimas&#8221;.<\/p>\n\n\n\n<p>&#8220;En algunos casos, se incluyen mecanismos de protecci\u00f3n y comisiones de derechos humanos para establecer, de manera conjunta, los diferentes cursos de acci\u00f3n. Adicionalmente, se definen planes de b\u00fasqueda e investigaci\u00f3n&#8221;, mencion\u00f3.<\/p>\n\n\n\n<p>&#8220;Respecto a los mecanismos de coordinaci\u00f3n efectiva, es importante se\u00f1alar que, de la totalidad de las acciones de b\u00fasqueda realizadas por la CNB, el 45 % ha sido con participaci\u00f3n de las Fiscal\u00edas Estatales, 22% con participaci\u00f3n de la FGR, 9% con ambas, FGR y Fiscal\u00edas estatales, y solo el 24% sin la colaboraci\u00f3n de alguna fiscal\u00eda. El 24% tiene que ver con aquellas acciones de prospecci\u00f3n en preparaci\u00f3n a las actividades de b\u00fasqueda. En todas las ocasiones en que se lleva a cabo una acci\u00f3n de b\u00fasqueda se cuenta con participaci\u00f3n de alguna fiscal\u00eda debido a la posible localizaci\u00f3n de un indicio&#8221;, se puntualiz\u00f3.<\/p>\n\n\n\n<p>Referente a Crisis Forense, &#8220;se encuentran concluidas las instalaciones de un Centro Regional de Identificaci\u00f3n Humana en Saltillo, Coahuila, tres Centros de Resguardo Temporal de Cuerpos en Tamaulipas y Jalisco, un Centro de Resguardo Temporal en Culiac\u00e1n, Sinaloa y se encuentran en construcci\u00f3n 15 centros o unidades m\u00e1s en distintas partes de la Rep\u00fablica&#8221;.<\/p>\n\n\n\n<p>&#8220;El Gobierno de M\u00e9xico recibe las observaciones proporcionadas por el Comit\u00e9 y reitera la colaboraci\u00f3n con los organismos internacionales de derechos humanos para robustecer sus acciones en la prevenci\u00f3n y atenci\u00f3n a los casos de desaparici\u00f3n en el pa\u00eds.<\/p>\n\n\n\n<p>&#8220;Finalmente, el Estado mexicano reafirma su apertura ante el escrutinio internacional y el compromiso con los familiares de las personas desaparecidas&#8221;, se\u00f1alaron las dependencias.<\/p>\n","protected":false},"excerpt":{"rendered":"<p>En algunos casos, se incluyen mecanismos de protecci\u00f3n y comisiones de derechos humanos para establecer, de manera conjunta, los diferentes cursos de acci\u00f3n El Gobierno de M\u00e9xico inform\u00f3 que recibe las recomendaciones expresadas por el Comit\u00e9 contra la Desaparici\u00f3n Forzada de Naciones Unidas. La inadecuada investigaci\u00f3n de decenas de miles de casos de desaparici\u00f3n forzada [&hellip;]<\/p>\n","protected":false},"author":81,"featured_media":284454,"comment_status":"closed","ping_status":"closed","sticky":false,"template":"","format":"standard","meta":{"footnotes":""},"categories":[37],"tags":[],"class_list":["post-284453","post","type-post","status-publish","format-standard","has-post-thumbnail","hentry","category-barandilla"],"_links":{"self":[{"href":"https:\/\/plazajuarez.mx\/historico\/wp-json\/wp\/v2\/posts\/284453","targetHints":{"allow":["GET"]}}],"collection":[{"href":"https:\/\/plazajuarez.mx\/historico\/wp-json\/wp\/v2\/posts"}],"about":[{"href":"https:\/\/plazajuarez.mx\/historico\/wp-json\/wp\/v2\/types\/post"}],"author":[{"embeddable":true,"href":"https:\/\/plazajuarez.mx\/historico\/wp-json\/wp\/v2\/users\/81"}],"replies":[{"embeddable":true,"href":"https:\/\/plazajuarez.mx\/historico\/wp-json\/wp\/v2\/comments?post=284453"}],"version-history":[{"count":0,"href":"https:\/\/plazajuarez.mx\/historico\/wp-json\/wp\/v2\/posts\/284453\/revisions"}],"wp:featuredmedia":[{"embeddable":true,"href":"https:\/\/plazajuarez.mx\/historico\/wp-json\/wp\/v2\/media\/284454"}],"wp:attachment":[{"href":"https:\/\/plazajuarez.mx\/historico\/wp-json\/wp\/v2\/media?parent=284453"}],"wp:term":[{"taxonomy":"category","embeddable":true,"href":"https:\/\/plazajuarez.mx\/historico\/wp-json\/wp\/v2\/categories?post=284453"},{"taxonomy":"post_tag","embeddable":true,"href":"https:\/\/plazajuarez.mx\/historico\/wp-json\/wp\/v2\/tags?post=284453"}],"curies":[{"name":"wp","href":"https:\/\/api.w.org\/{rel}","templated":true}]}}