{"id":283849,"date":"2023-10-02T09:04:33","date_gmt":"2023-10-02T15:04:33","guid":{"rendered":"https:\/\/plazajuarez.mx\/?p=283849"},"modified":"2023-10-02T09:04:37","modified_gmt":"2023-10-02T15:04:37","slug":"biden-asegura-a-ucrania-el-apoyo-de-ee-uu-pese-a-la-oposicion-del-ala-trumpista","status":"publish","type":"post","link":"https:\/\/plazajuarez.mx\/historico\/biden-asegura-a-ucrania-el-apoyo-de-ee-uu-pese-a-la-oposicion-del-ala-trumpista\/","title":{"rendered":"Biden asegura a Ucrania el apoyo de EE.UU., pese a la oposici\u00f3n del ala trumpista"},"content":{"rendered":"\n<p>El presidente de Estados Unidos, Joe Biden, asegur\u00f3 este domingo a los &#8220;aliados estadounidenses y al pueblo de Ucrania&#8221; que pueden contar con el apoyo de su pa\u00eds al se\u00f1alar que cuentan con &#8220;la gran mayor\u00eda de ambos partidos&#8221; en el Congreso para mantener esa ayuda, pese a la oposici\u00f3n del ala trumpista.<\/p>\n\n\n\n<p>Estados Unidos logr\u00f3 el s\u00e1bado 45 d\u00edas m\u00e1s de financiaci\u00f3n, pero ahora debe zanjar los retos de mantener la ayuda a Ucrania y otros sobre inmigraci\u00f3n, con una oposici\u00f3n del ala m\u00e1s radical en la C\u00e1mara Baja a\u00fan m\u00e1s enfurecida al fracasar en unas demandas que estaban llevando al cierre del Gobierno.<\/p>\n\n\n\n<p>Con la aprobaci\u00f3n anoche de esa pr\u00f3rroga del presupuesto en el Congreso, la urgencia ahora es mantener la ayuda a Kiev, un compromiso de la Casa Blanca y la mayor\u00eda republicana, en momentos en que los recursos comienzan a agotarse.<\/p>\n\n\n\n<p>&#8220;Espero que mis amigos del otro lado -dijo haciendo referencia a los republicanos- cumplan su palabra de apoyar a Ucrania. Dijeron que apoyar\u00edan a Ucrania en una votaci\u00f3n separada&#8221;, recalc\u00f3 hoy el mandatario estadounidense.<\/p>\n\n\n\n<p>&#8220;No podemos, bajo ninguna circunstancia, permitir que se interrumpa el apoyo estadounidense a Ucrania&#8221;, agreg\u00f3.<\/p>\n\n\n\n<p>El dem\u00f3crata pidi\u00f3 a dem\u00f3cratas y republicanos que &#8220;no pierdan el tiempo&#8221; y que den luz verde a &#8220;un acuerdo presupuestario de un a\u00f1o&#8221;. &#8220;Paren los juegos (pol\u00edticos entre ambos partidos). Poneros a trabajar&#8221;, a\u00f1adi\u00f3.<\/p>\n\n\n\n<p>Durante una rueda de prensa, Biden se neg\u00f3 a opinar sobre el futuro del presidente de la C\u00e1mara de Representantes estadounidense, el republicano Kevin McCarthy, que est\u00e1 siendo fuertemente criticado por el ala m\u00e1s extrema de su partido.<\/p>\n\n\n\n<p>Este domingo, el congresista republicano de Florida Matt Gaetz dijo que tomar\u00e1 medidas para destituir a McCarthy, despu\u00e9s de que el l\u00edder del partido trabajara ayer junto a los dem\u00f3cratas para evitar un cierre del gobierno.<\/p>\n\n\n\n<p>&#8220;Este acuerdo que hizo con los dem\u00f3cratas para superar muchas de las barreras de gasto que establecimos es el colmo&#8221;, dijo Gaetz, que forma parte del ala m\u00e1s extrema de los republicanos, en una entrevista en CNN.<\/p>\n","protected":false},"excerpt":{"rendered":"<p>El presidente de Estados Unidos, Joe Biden, asegur\u00f3 este domingo a los &#8220;aliados estadounidenses y al pueblo de Ucrania&#8221; que pueden contar con el apoyo de su pa\u00eds al se\u00f1alar que cuentan con &#8220;la gran mayor\u00eda de ambos partidos&#8221; en el Congreso para mantener esa ayuda, pese a la oposici\u00f3n del ala trumpista. Estados Unidos [&hellip;]<\/p>\n","protected":false},"author":80,"featured_media":283850,"comment_status":"closed","ping_status":"closed","sticky":false,"template":"","format":"standard","meta":{"footnotes":""},"categories":[31],"tags":[],"class_list":["post-283849","post","type-post","status-publish","format-standard","has-post-thumbnail","hentry","category-orbe"],"_links":{"self":[{"href":"https:\/\/plazajuarez.mx\/historico\/wp-json\/wp\/v2\/posts\/283849","targetHints":{"allow":["GET"]}}],"collection":[{"href":"https:\/\/plazajuarez.mx\/historico\/wp-json\/wp\/v2\/posts"}],"about":[{"href":"https:\/\/plazajuarez.mx\/historico\/wp-json\/wp\/v2\/types\/post"}],"author":[{"embeddable":true,"href":"https:\/\/plazajuarez.mx\/historico\/wp-json\/wp\/v2\/users\/80"}],"replies":[{"embeddable":true,"href":"https:\/\/plazajuarez.mx\/historico\/wp-json\/wp\/v2\/comments?post=283849"}],"version-history":[{"count":0,"href":"https:\/\/plazajuarez.mx\/historico\/wp-json\/wp\/v2\/posts\/283849\/revisions"}],"wp:featuredmedia":[{"embeddable":true,"href":"https:\/\/plazajuarez.mx\/historico\/wp-json\/wp\/v2\/media\/283850"}],"wp:attachment":[{"href":"https:\/\/plazajuarez.mx\/historico\/wp-json\/wp\/v2\/media?parent=283849"}],"wp:term":[{"taxonomy":"category","embeddable":true,"href":"https:\/\/plazajuarez.mx\/historico\/wp-json\/wp\/v2\/categories?post=283849"},{"taxonomy":"post_tag","embeddable":true,"href":"https:\/\/plazajuarez.mx\/historico\/wp-json\/wp\/v2\/tags?post=283849"}],"curies":[{"name":"wp","href":"https:\/\/api.w.org\/{rel}","templated":true}]}}