{"id":283812,"date":"2023-10-02T08:14:56","date_gmt":"2023-10-02T14:14:56","guid":{"rendered":"https:\/\/plazajuarez.mx\/?p=283812"},"modified":"2023-10-02T08:15:00","modified_gmt":"2023-10-02T14:15:00","slug":"diputado-edgar-n-fomento-la-invasion-de-un-predio-en-capula","status":"publish","type":"post","link":"https:\/\/plazajuarez.mx\/historico\/diputado-edgar-n-fomento-la-invasion-de-un-predio-en-capula\/","title":{"rendered":"Diputado Edgar \u201cN\u201d foment\u00f3 la invasi\u00f3n de un predio en Capula"},"content":{"rendered":"\n<p><strong>IXMIQUILPAN<\/strong>.- Vecinos de la comunidad de Capula, en el municipio de Ixmiquilpan, se\u00f1alan al diputado local, Edgar \u201cN\u201d, actualmente vinculado a proceso y preso en el Centro de Reinserci\u00f3n Social (Cereso) de Pachuca, por encabezar a un grupo de ciudadanos que invadieron una propiedad de m\u00e1s de 500 hect\u00e1reas, que actualmente se encuentran en un proceso judicial.\u00a0<\/p>\n\n\n\n<p>En las tierras invadidas, se ha instalado el Centro Ecotur\u00edstico Presa Debodh\u00e9, en la que el diputado y un grupo de ciudadanos, han buscado recursos federales y estatales para ser invertidos. Desde el 2020, vecinos del lugar&nbsp; han alertado a las autoridades sobre el proceso judicial para impedir que se inviertan recursos p\u00fablicos.&nbsp;<\/p>\n\n\n\n<p>En un documento se pidi\u00f3 al Congreso, exhortar y sancionar al diputado por provocar un conflicto social y avalar una invasi\u00f3n a una propiedad, es decir, violentar la ley.&nbsp;<\/p>\n","protected":false},"excerpt":{"rendered":"<p>IXMIQUILPAN.- Vecinos de la comunidad de Capula, en el municipio de Ixmiquilpan, se\u00f1alan al diputado local, Edgar \u201cN\u201d, actualmente vinculado a proceso y preso en el Centro de Reinserci\u00f3n Social (Cereso) de Pachuca, por encabezar a un grupo de ciudadanos que invadieron una propiedad de m\u00e1s de 500 hect\u00e1reas, que actualmente se encuentran en un [&hellip;]<\/p>\n","protected":false},"author":75,"featured_media":283817,"comment_status":"closed","ping_status":"closed","sticky":false,"template":"","format":"standard","meta":{"footnotes":""},"categories":[2159,40],"tags":[],"class_list":["post-283812","post","type-post","status-publish","format-standard","has-post-thumbnail","hentry","category-noticias-de-hidalgo","category-region"],"_links":{"self":[{"href":"https:\/\/plazajuarez.mx\/historico\/wp-json\/wp\/v2\/posts\/283812","targetHints":{"allow":["GET"]}}],"collection":[{"href":"https:\/\/plazajuarez.mx\/historico\/wp-json\/wp\/v2\/posts"}],"about":[{"href":"https:\/\/plazajuarez.mx\/historico\/wp-json\/wp\/v2\/types\/post"}],"author":[{"embeddable":true,"href":"https:\/\/plazajuarez.mx\/historico\/wp-json\/wp\/v2\/users\/75"}],"replies":[{"embeddable":true,"href":"https:\/\/plazajuarez.mx\/historico\/wp-json\/wp\/v2\/comments?post=283812"}],"version-history":[{"count":0,"href":"https:\/\/plazajuarez.mx\/historico\/wp-json\/wp\/v2\/posts\/283812\/revisions"}],"wp:featuredmedia":[{"embeddable":true,"href":"https:\/\/plazajuarez.mx\/historico\/wp-json\/wp\/v2\/media\/283817"}],"wp:attachment":[{"href":"https:\/\/plazajuarez.mx\/historico\/wp-json\/wp\/v2\/media?parent=283812"}],"wp:term":[{"taxonomy":"category","embeddable":true,"href":"https:\/\/plazajuarez.mx\/historico\/wp-json\/wp\/v2\/categories?post=283812"},{"taxonomy":"post_tag","embeddable":true,"href":"https:\/\/plazajuarez.mx\/historico\/wp-json\/wp\/v2\/tags?post=283812"}],"curies":[{"name":"wp","href":"https:\/\/api.w.org\/{rel}","templated":true}]}}