{"id":283803,"date":"2023-10-02T08:14:59","date_gmt":"2023-10-02T14:14:59","guid":{"rendered":"https:\/\/plazajuarez.mx\/?p=283803"},"modified":"2023-10-02T08:15:03","modified_gmt":"2023-10-02T14:15:03","slug":"regidor-de-almoloya-presenta-informe-de-labores","status":"publish","type":"post","link":"https:\/\/plazajuarez.mx\/historico\/regidor-de-almoloya-presenta-informe-de-labores\/","title":{"rendered":"Regidor de Almoloya, presenta informe de labores\u00a0"},"content":{"rendered":"\n<p><strong>ALMOLOYA<\/strong>.- En cumplimiento a los art\u00edculos que marca la Ley Org\u00e1nica Municipal del Estado de Hidalgo, el regidor petista de Almoloya Miguel Olvera Rodr\u00edguez, da a conocer su trabajo llevado a cabo en su tercer a\u00f1o en este cargo de elecci\u00f3n popular.<\/p>\n\n\n\n<p>En su mensaje dado a conocer ante diversos miembros de la sociedad del municipio de Almoloya, el asamble\u00edsta Miguel Olvera Rodr\u00edguez, destac\u00f3 los trabajos que ha desempe\u00f1ado durante este periodo de labores dentro de la Asamblea Municipal.<\/p>\n\n\n\n<p>El regidor petista, al hacer menci\u00f3n de los logros que se han alcanzado en sus diferentes comisiones, han demostrado su trabajo en los diferentes rubros en donde colabora.<\/p>\n","protected":false},"excerpt":{"rendered":"<p>ALMOLOYA.- En cumplimiento a los art\u00edculos que marca la Ley Org\u00e1nica Municipal del Estado de Hidalgo, el regidor petista de Almoloya Miguel Olvera Rodr\u00edguez, da a conocer su trabajo llevado a cabo en su tercer a\u00f1o en este cargo de elecci\u00f3n popular. En su mensaje dado a conocer ante diversos miembros de la sociedad del [&hellip;]<\/p>\n","protected":false},"author":69,"featured_media":283814,"comment_status":"closed","ping_status":"closed","sticky":false,"template":"","format":"standard","meta":{"footnotes":""},"categories":[2159,40],"tags":[],"class_list":["post-283803","post","type-post","status-publish","format-standard","has-post-thumbnail","hentry","category-noticias-de-hidalgo","category-region"],"_links":{"self":[{"href":"https:\/\/plazajuarez.mx\/historico\/wp-json\/wp\/v2\/posts\/283803","targetHints":{"allow":["GET"]}}],"collection":[{"href":"https:\/\/plazajuarez.mx\/historico\/wp-json\/wp\/v2\/posts"}],"about":[{"href":"https:\/\/plazajuarez.mx\/historico\/wp-json\/wp\/v2\/types\/post"}],"author":[{"embeddable":true,"href":"https:\/\/plazajuarez.mx\/historico\/wp-json\/wp\/v2\/users\/69"}],"replies":[{"embeddable":true,"href":"https:\/\/plazajuarez.mx\/historico\/wp-json\/wp\/v2\/comments?post=283803"}],"version-history":[{"count":0,"href":"https:\/\/plazajuarez.mx\/historico\/wp-json\/wp\/v2\/posts\/283803\/revisions"}],"wp:featuredmedia":[{"embeddable":true,"href":"https:\/\/plazajuarez.mx\/historico\/wp-json\/wp\/v2\/media\/283814"}],"wp:attachment":[{"href":"https:\/\/plazajuarez.mx\/historico\/wp-json\/wp\/v2\/media?parent=283803"}],"wp:term":[{"taxonomy":"category","embeddable":true,"href":"https:\/\/plazajuarez.mx\/historico\/wp-json\/wp\/v2\/categories?post=283803"},{"taxonomy":"post_tag","embeddable":true,"href":"https:\/\/plazajuarez.mx\/historico\/wp-json\/wp\/v2\/tags?post=283803"}],"curies":[{"name":"wp","href":"https:\/\/api.w.org\/{rel}","templated":true}]}}