{"id":28374,"date":"2016-09-13T16:05:10","date_gmt":"2016-09-13T16:05:10","guid":{"rendered":"http:\/\/plazajuarez.mx\/index\/index.php\/2016\/09\/13\/conmemoran-el-169-aniversario-de-la-gesta-heroica-de-chapultepec\/"},"modified":"2016-09-13T16:05:10","modified_gmt":"2016-09-13T16:05:10","slug":"conmemoran-el-169-aniversario-de-la-gesta-heroica-de-chapultepec","status":"publish","type":"post","link":"https:\/\/plazajuarez.mx\/historico\/conmemoran-el-169-aniversario-de-la-gesta-heroica-de-chapultepec\/","title":{"rendered":"Conmemoran el 169 aniversario de la gesta heroica de Chapultepec"},"content":{"rendered":"<p>Acompa\u00f1ado de autoridades federales, estatales y municipales, el gobernador del Estado de Hidalgo, Omar Fayad Meneses, encabez\u00f3 el acto c\u00edvico de la conmemoraci\u00f3n del 169 aniversario de la gesta heroica de Chapultepec.<\/p>\n<p>  <!--more-->  <\/p>\n<p style=\"text-align: justify;\">Tras el pase de lista por parte de Sergio Armando Barrera Salcedo comandante de la 18 zona militar,\u00a0los integrantes del Ej\u00e9rcito cantaron el himno del Heroico Colegio Militar, para posterior escuchar la rese\u00f1a del actuar de los ni\u00f1os h\u00e9roes el 13 de septiembre de 1847 y la reclamaci\u00f3n de la poes\u00eda \u201cFanfarria a los h\u00e9roes\u201d.<\/p>\n<p style=\"text-align: justify;\">Posteriormente, y de acuerdo al\u00a0 protocolo de la ceremonia\u00a0 militar,\u00a0 la secci\u00f3n de fusileros ejecutaron una salva de honor en conmemoraci\u00f3n a los Ni\u00f1os H\u00e9roes, y en seguida las autoridades realizaron el dep\u00f3sito de una ofrenda floral as\u00ed como una guardia de honor en el monumento al 13 de Septiembre en la capital hidalguense.<\/p>\n<p style=\"text-align: justify;\">Una vez realizada la Guardia, lleg\u00f3 el \u201ctoque de silencio\u201d y se cant\u00f3 el Himno Nacional\u00a0 y se rindieron honores a la bandera.<\/p>\n<p>\u00a0<\/p>\n","protected":false},"excerpt":{"rendered":"<p>Acompa\u00f1ado de autoridades federales, estatales y municipales, el gobernador del Estado de Hidalgo, Omar Fayad Meneses, encabez\u00f3 el acto c\u00edvico de la conmemoraci\u00f3n del 169 aniversario de la gesta heroica de Chapultepec.<\/p>\n","protected":false},"author":6,"featured_media":0,"comment_status":"open","ping_status":"open","sticky":false,"template":"","format":"standard","meta":{"footnotes":""},"categories":[59],"tags":[],"class_list":["post-28374","post","type-post","status-publish","format-standard","hentry","category-general"],"_links":{"self":[{"href":"https:\/\/plazajuarez.mx\/historico\/wp-json\/wp\/v2\/posts\/28374","targetHints":{"allow":["GET"]}}],"collection":[{"href":"https:\/\/plazajuarez.mx\/historico\/wp-json\/wp\/v2\/posts"}],"about":[{"href":"https:\/\/plazajuarez.mx\/historico\/wp-json\/wp\/v2\/types\/post"}],"author":[{"embeddable":true,"href":"https:\/\/plazajuarez.mx\/historico\/wp-json\/wp\/v2\/users\/6"}],"replies":[{"embeddable":true,"href":"https:\/\/plazajuarez.mx\/historico\/wp-json\/wp\/v2\/comments?post=28374"}],"version-history":[{"count":0,"href":"https:\/\/plazajuarez.mx\/historico\/wp-json\/wp\/v2\/posts\/28374\/revisions"}],"wp:attachment":[{"href":"https:\/\/plazajuarez.mx\/historico\/wp-json\/wp\/v2\/media?parent=28374"}],"wp:term":[{"taxonomy":"category","embeddable":true,"href":"https:\/\/plazajuarez.mx\/historico\/wp-json\/wp\/v2\/categories?post=28374"},{"taxonomy":"post_tag","embeddable":true,"href":"https:\/\/plazajuarez.mx\/historico\/wp-json\/wp\/v2\/tags?post=28374"}],"curies":[{"name":"wp","href":"https:\/\/api.w.org\/{rel}","templated":true}]}}