{"id":282852,"date":"2023-09-26T03:37:57","date_gmt":"2023-09-26T09:37:57","guid":{"rendered":"https:\/\/plazajuarez.mx\/?p=282852"},"modified":"2023-09-26T05:45:29","modified_gmt":"2023-09-26T11:45:29","slug":"baston","status":"publish","type":"post","link":"https:\/\/plazajuarez.mx\/historico\/baston\/","title":{"rendered":"Bast\u00f3n"},"content":{"rendered":"\n<h2 class=\"wp-block-heading\">El Faro<\/h2>\n\n\n\n<p>Hace ya un poco m\u00e1s de 30 a\u00f1os me toc\u00f3 asistir al \u00faltimo Y\u00famari de Pepe Llaguno. Esto \u00faltimo puede sonar raro y referirse a alguien desconocido. Pepe Llaguno fue el \u00faltimo Vicario jesuita de la Tarahumara. Despu\u00e9s de \u00e9l se dej\u00f3 pasar un buen tiempo sin obispo y de repente se nombr\u00f3 a un obispo no religioso, se elev\u00f3 a di\u00f3cesis y se cambi\u00f3 la sede episcopal.<\/p>\n\n\n\n<p>El Y\u00famari es la fiesta rar\u00e1muri en que se celebra la subida definitiva del alma del difunto a los cielos. Tres a\u00f1os antes hab\u00eda fallecido el obispo. En esa celebraci\u00f3n en que pude estar, todo el pueblo ind\u00edgena rar\u00e1muri celebraba que el obispo estaba definitivamente descansando junto a Dios.<\/p>\n\n\n\n<p>En la ceremonia varias veces ya mencionada, el centro fue la misa en que los sacerdotes jesuitas y de otras congregaciones presidieron. Cuando lleg\u00f3 el momento de la homil\u00eda, despu\u00e9s de las lecturas, me sorprendi\u00f3 ver que ninguno de los sacerdotes se dirigi\u00f3 al lugar de la palabra. Fueron los gobernadores de las distintas comunidades quienes tomaron la palabra para dirigirse a ellas. Antes de tomar la palabra exhib\u00edan el bast\u00f3n de mando que hab\u00eda sido concedido por la propia comunidad. Una vez hab\u00edan dicho sus palabras, lo entregaban y el siguiente gobernador hac\u00eda exactamente lo mismo.&nbsp;<\/p>\n\n\n\n<p>Nadie dirig\u00eda la palabra si no ten\u00edan bast\u00f3n de mando. Nadie se apoderaba de \u00e9l. Nadie lo pasaba a nadie, como si fuera de todos o como si fuera de alguien y pudiera dej\u00e1rselo a alguien. El bast\u00f3n pertenece a la comunidad. Ella lo entrega a la autoridad que decide. Y cuando concluye el tiempo del servicio lo regresa a su \u00fanico y leg\u00edtimo poseedor.<\/p>\n\n\n\n<p>Desde hace ya varias semanas, en los medios de comunicaci\u00f3n, se ha dado seguimiento a lo que el Presidente anunci\u00f3 respecto a la entrega del bast\u00f3n de mando que hab\u00eda recibido hace a\u00f1os de los pueblos ind\u00edgenas. En primer lugar, el Presidente no ha concluido su mandato. En segundo lugar, el bast\u00f3n no es suyo, sino recibido de los aut\u00e9nticos poseedores del mismo. En tercer lugar, por lo anterior, no puede don\u00e1rselo a nadie. En cuarto lugar, lo \u00fanico que el Presidente puede hacer con el bast\u00f3n de mando es regres\u00e1rselo, agradecido, a las comunidades originarias.<\/p>\n\n\n\n<p>Este fin de semana, Claudia Sheinbaum ha estado en Oaxaca y mientras dirig\u00eda su mensaje exhib\u00eda el bast\u00f3n de mando de los pueblos ind\u00edgenas oaxaque\u00f1os. No coincide el respeto que vi en los rar\u00e1muris en el uso del bast\u00f3n de mando con el uso pol\u00edtico que se est\u00e1 haciendo de este objeto cargado de autoridad en su aut\u00e9ntico sentido.<\/p>\n\n\n\n<p>Los pueblos ind\u00edgenas y originarios no han sido los mejor tratados en la historia mexicana. No son los mejor entendidos en sus tradiciones y costumbres. No han sido los m\u00e1s respetados con la propiedad y cuidado de sus tierras tradicionales heredadas de sus padres. Normalmente, en cualquier otra campa\u00f1a pol\u00edtica para conseguir la silla presidencial, los ind\u00edgenas no eran muy nombrados ni tomados en cuenta. En esta ocasi\u00f3n, en un intento por tomarlos en cuenta de alguna manera, se fuerza el sentido de los s\u00edmbolos que dichos pueblos tienen para emparentar a los candidatos, para nada ind\u00edgenas, con las problem\u00e1ticas de los pueblos originarios. De una u otra manera, los ind\u00edgenas permanecen al margen del inter\u00e9s nacional y pol\u00edtico. No son relevantes y eso est\u00e1n en lo profundo del sentir mexicano.<\/p>\n","protected":false},"excerpt":{"rendered":"<p>El Faro Hace ya un poco m\u00e1s de 30 a\u00f1os me toc\u00f3 asistir al \u00faltimo Y\u00famari de Pepe Llaguno. Esto \u00faltimo puede sonar raro y referirse a alguien desconocido. Pepe Llaguno fue el \u00faltimo Vicario jesuita de la Tarahumara. Despu\u00e9s de \u00e9l se dej\u00f3 pasar un buen tiempo sin obispo y de repente se nombr\u00f3 [&hellip;]<\/p>\n","protected":false},"author":98,"featured_media":241890,"comment_status":"closed","ping_status":"closed","sticky":false,"template":"","format":"standard","meta":{"footnotes":""},"categories":[1006,42],"tags":[],"class_list":["post-282852","post","type-post","status-publish","format-standard","has-post-thumbnail","hentry","category-dr-jesus-ignacio-panedas-galindo","category-nuestrapalabra"],"_links":{"self":[{"href":"https:\/\/plazajuarez.mx\/historico\/wp-json\/wp\/v2\/posts\/282852","targetHints":{"allow":["GET"]}}],"collection":[{"href":"https:\/\/plazajuarez.mx\/historico\/wp-json\/wp\/v2\/posts"}],"about":[{"href":"https:\/\/plazajuarez.mx\/historico\/wp-json\/wp\/v2\/types\/post"}],"author":[{"embeddable":true,"href":"https:\/\/plazajuarez.mx\/historico\/wp-json\/wp\/v2\/users\/98"}],"replies":[{"embeddable":true,"href":"https:\/\/plazajuarez.mx\/historico\/wp-json\/wp\/v2\/comments?post=282852"}],"version-history":[{"count":0,"href":"https:\/\/plazajuarez.mx\/historico\/wp-json\/wp\/v2\/posts\/282852\/revisions"}],"wp:featuredmedia":[{"embeddable":true,"href":"https:\/\/plazajuarez.mx\/historico\/wp-json\/wp\/v2\/media\/241890"}],"wp:attachment":[{"href":"https:\/\/plazajuarez.mx\/historico\/wp-json\/wp\/v2\/media?parent=282852"}],"wp:term":[{"taxonomy":"category","embeddable":true,"href":"https:\/\/plazajuarez.mx\/historico\/wp-json\/wp\/v2\/categories?post=282852"},{"taxonomy":"post_tag","embeddable":true,"href":"https:\/\/plazajuarez.mx\/historico\/wp-json\/wp\/v2\/tags?post=282852"}],"curies":[{"name":"wp","href":"https:\/\/api.w.org\/{rel}","templated":true}]}}