{"id":282781,"date":"2023-09-25T13:58:25","date_gmt":"2023-09-25T19:58:25","guid":{"rendered":"https:\/\/plazajuarez.mx\/?p=282781"},"modified":"2023-09-25T13:58:27","modified_gmt":"2023-09-25T19:58:27","slug":"andres-bustamante-regresa-con-podcast-la-ultima-trinchera","status":"publish","type":"post","link":"https:\/\/plazajuarez.mx\/historico\/andres-bustamante-regresa-con-podcast-la-ultima-trinchera\/","title":{"rendered":"Andr\u00e9s Bustamante regresa con podcast La \u00daltima Trinchera"},"content":{"rendered":"\n<p>Andr\u00e9s Bustamante retoma su trayectoria humor\u00edstica con un nuevo formato de entretenimiento: el podcast. Tras m\u00e1s de una d\u00e9cada alejado de la televisi\u00f3n, con apariciones espor\u00e1dicas, el comediante est\u00e1 listo para lanzar el primer episodio de &#8220;La \u00daltima Trinchera&#8221;.<\/p>\n\n\n\n<p>Recordado por personajes como &#8220;El G\u00fciri G\u00fciri&#8221;, &#8220;El Hooligan&#8221;, &#8220;El Doctor Chunga&#8221;, &#8220;Ponchito&#8221;, &#8220;El Cus-Cus&#8221; o &#8220;Timo&#8221;, el tambi\u00e9n actor gan\u00f3 fama gracias a sus intervenciones en programas y eventos, entre ellos los Juegos Ol\u00edmpicos y los conducidos por Jos\u00e9 Ram\u00f3n Fern\u00e1ndez.<\/p>\n\n\n\n<p>Este lunes, el comediante dio una sorpresa a su fiel audiencia, pues por medio de Twitter, ahora X, revel\u00f3 su regreso al mundo de la comedia y esta vez lo har\u00e1 de la mano de uno de los caricaturistas m\u00e1s reconocidos de M\u00e9xico: Trino Camacho.<\/p>\n\n\n\n<p>Camacho fue el encargado de dar la noticia y lo hizo fiel a su sentido del humor. &#8220;\u00a1\u00a1\u00a1Se acab\u00f3 la huelga de Hollywood y comenzamos!!! Hoy se estrena el primer episodio de La \u00daltima Trinchera en todas las plataformas&#8221;, escribi\u00f3 en un tuit.<\/p>\n\n\n\n<p>El podcast estar\u00e1 disponible a partir de hoy en Amazon Prime y YouTube. Y se podr\u00e1 escuchar a partir del martes 26 de septiembre en otros soportes digitales como Amazon, Spotify y Apple.<\/p>\n\n\n\n<p>En este proyecto, Andr\u00e9s y Trino pondr\u00e1n sobre la mesa temas variados, desde los que aluden al mundo de la comedia y en los que son especialistas, hasta los del acontecer cotidiano.<\/p>\n\n\n\n<p>Tan solo en esta primera entrega abordan &#8220;sus aventuras en una convenci\u00f3n de mimos, celebran el d\u00eda mundial del trabalenguas e intentan descifrar por qu\u00e9 los fans de Taylor Swift no recuerdan sus conciertos&#8221;.<\/p>\n","protected":false},"excerpt":{"rendered":"<p>Andr\u00e9s Bustamante retoma su trayectoria humor\u00edstica con un nuevo formato de entretenimiento: el podcast. Tras m\u00e1s de una d\u00e9cada alejado de la televisi\u00f3n, con apariciones espor\u00e1dicas, el comediante est\u00e1 listo para lanzar el primer episodio de &#8220;La \u00daltima Trinchera&#8221;. Recordado por personajes como &#8220;El G\u00fciri G\u00fciri&#8221;, &#8220;El Hooligan&#8221;, &#8220;El Doctor Chunga&#8221;, &#8220;Ponchito&#8221;, &#8220;El Cus-Cus&#8221; o [&hellip;]<\/p>\n","protected":false},"author":81,"featured_media":282782,"comment_status":"closed","ping_status":"closed","sticky":false,"template":"","format":"standard","meta":{"footnotes":""},"categories":[38],"tags":[],"class_list":["post-282781","post","type-post","status-publish","format-standard","has-post-thumbnail","hentry","category-show"],"_links":{"self":[{"href":"https:\/\/plazajuarez.mx\/historico\/wp-json\/wp\/v2\/posts\/282781","targetHints":{"allow":["GET"]}}],"collection":[{"href":"https:\/\/plazajuarez.mx\/historico\/wp-json\/wp\/v2\/posts"}],"about":[{"href":"https:\/\/plazajuarez.mx\/historico\/wp-json\/wp\/v2\/types\/post"}],"author":[{"embeddable":true,"href":"https:\/\/plazajuarez.mx\/historico\/wp-json\/wp\/v2\/users\/81"}],"replies":[{"embeddable":true,"href":"https:\/\/plazajuarez.mx\/historico\/wp-json\/wp\/v2\/comments?post=282781"}],"version-history":[{"count":0,"href":"https:\/\/plazajuarez.mx\/historico\/wp-json\/wp\/v2\/posts\/282781\/revisions"}],"wp:featuredmedia":[{"embeddable":true,"href":"https:\/\/plazajuarez.mx\/historico\/wp-json\/wp\/v2\/media\/282782"}],"wp:attachment":[{"href":"https:\/\/plazajuarez.mx\/historico\/wp-json\/wp\/v2\/media?parent=282781"}],"wp:term":[{"taxonomy":"category","embeddable":true,"href":"https:\/\/plazajuarez.mx\/historico\/wp-json\/wp\/v2\/categories?post=282781"},{"taxonomy":"post_tag","embeddable":true,"href":"https:\/\/plazajuarez.mx\/historico\/wp-json\/wp\/v2\/tags?post=282781"}],"curies":[{"name":"wp","href":"https:\/\/api.w.org\/{rel}","templated":true}]}}