{"id":282777,"date":"2023-09-25T13:55:12","date_gmt":"2023-09-25T19:55:12","guid":{"rendered":"https:\/\/plazajuarez.mx\/?p=282777"},"modified":"2023-09-25T13:55:17","modified_gmt":"2023-09-25T19:55:17","slug":"checo-perez-recibe-criticas-de-helmut-marko-tras-gp-japon","status":"publish","type":"post","link":"https:\/\/plazajuarez.mx\/historico\/checo-perez-recibe-criticas-de-helmut-marko-tras-gp-japon\/","title":{"rendered":"&#8220;Checo&#8221; P\u00e9rez recibe cr\u00edticas de Helmut Marko tras GP Jap\u00f3n"},"content":{"rendered":"\n<p>El Gran Premio de Jap\u00f3n ha sido uno de los peores fines de semana para Checo P\u00e9rez y es que desde que se larg\u00f3 la carrera, las cosas no pintaban bien para el mexicano.<\/p>\n\n\n\n<p>Pese a esto, Red Bull, con la victoria de Max Verstappen y los puntos que tanto el tapat\u00edo como el neerland\u00e9s han sumado a lo largo de la temporada, firmaron en Suzuka el campeonato de constructores, al arribar a 623 unidades, a falta todav\u00eda de algunas carreras.<\/p>\n\n\n\n<p>Pero ese t\u00edtulo consecutivo en la escuder\u00eda austriaca no impidi\u00f3 que el asesor Helmut Marko se lanzara contra Sergio tras el GP japon\u00e9s.<\/p>\n\n\n\n<p>&#8220;Fue un d\u00eda infeliz para Sergio. En realidad, todo empez\u00f3 en las pr\u00e1cticas libres, donde no pudo hacer frente a la velocidad de Max&#8221;, mencion\u00f3 el expiloto en entrevista con Viaplay.<\/p>\n\n\n\n<p>&#8220;Despu\u00e9s en la carrera, sali\u00f3 mal todo lo que pod\u00eda salir mal&#8221;, a\u00f1adi\u00f3 el austriaco, aunque le dio un voto de confianza al jalisciense: &#8220;Conf\u00edo en que volver\u00e1 a estar ah\u00ed la pr\u00f3xima carrera&#8221;.<\/p>\n\n\n\n<p>La siguiente parada de la F\u00f3rmula 1 es en Qatar, donde Max Verstappen podr\u00eda resultar campe\u00f3n de pilotos.<\/p>\n","protected":false},"excerpt":{"rendered":"<p>El Gran Premio de Jap\u00f3n ha sido uno de los peores fines de semana para Checo P\u00e9rez y es que desde que se larg\u00f3 la carrera, las cosas no pintaban bien para el mexicano. Pese a esto, Red Bull, con la victoria de Max Verstappen y los puntos que tanto el tapat\u00edo como el neerland\u00e9s [&hellip;]<\/p>\n","protected":false},"author":81,"featured_media":282779,"comment_status":"closed","ping_status":"closed","sticky":false,"template":"","format":"standard","meta":{"footnotes":""},"categories":[39],"tags":[],"class_list":["post-282777","post","type-post","status-publish","format-standard","has-post-thumbnail","hentry","category-deportiva"],"_links":{"self":[{"href":"https:\/\/plazajuarez.mx\/historico\/wp-json\/wp\/v2\/posts\/282777","targetHints":{"allow":["GET"]}}],"collection":[{"href":"https:\/\/plazajuarez.mx\/historico\/wp-json\/wp\/v2\/posts"}],"about":[{"href":"https:\/\/plazajuarez.mx\/historico\/wp-json\/wp\/v2\/types\/post"}],"author":[{"embeddable":true,"href":"https:\/\/plazajuarez.mx\/historico\/wp-json\/wp\/v2\/users\/81"}],"replies":[{"embeddable":true,"href":"https:\/\/plazajuarez.mx\/historico\/wp-json\/wp\/v2\/comments?post=282777"}],"version-history":[{"count":0,"href":"https:\/\/plazajuarez.mx\/historico\/wp-json\/wp\/v2\/posts\/282777\/revisions"}],"wp:featuredmedia":[{"embeddable":true,"href":"https:\/\/plazajuarez.mx\/historico\/wp-json\/wp\/v2\/media\/282779"}],"wp:attachment":[{"href":"https:\/\/plazajuarez.mx\/historico\/wp-json\/wp\/v2\/media?parent=282777"}],"wp:term":[{"taxonomy":"category","embeddable":true,"href":"https:\/\/plazajuarez.mx\/historico\/wp-json\/wp\/v2\/categories?post=282777"},{"taxonomy":"post_tag","embeddable":true,"href":"https:\/\/plazajuarez.mx\/historico\/wp-json\/wp\/v2\/tags?post=282777"}],"curies":[{"name":"wp","href":"https:\/\/api.w.org\/{rel}","templated":true}]}}