{"id":282660,"date":"2023-09-25T07:45:24","date_gmt":"2023-09-25T13:45:24","guid":{"rendered":"https:\/\/plazajuarez.mx\/?p=282660"},"modified":"2023-09-25T07:45:26","modified_gmt":"2023-09-25T13:45:26","slug":"esconden-a-agresores","status":"publish","type":"post","link":"https:\/\/plazajuarez.mx\/historico\/esconden-a-agresores\/","title":{"rendered":"Esconden a agresores\u00a0"},"content":{"rendered":"\n<p>Tras los hechos ocurridos el 19 de septiembre en el edificio central de la Universidad Aut\u00f3noma del Estado de Hidalgo (UAEH), en el que varios estudiantes fueron agredidos por presuntos porros y&nbsp; personal de diferentes \u00e1reas de la m\u00e1xima casa de estudios, y derivado de las denuncias y exhibici\u00f3n que se ha hecho de la identidad de los agresores, la rector\u00eda ha decidido \u201cesconderlos\u201d y que no se presenten a las guardias hasta que \u201cse tranquilicen las aguas\u201d.&nbsp;<\/p>\n\n\n\n<p>Cabe destacar que se dio la orden de que personal monte guardias en los paros; sin embargo, aunque se hab\u00eda iniciado con tres turnos de ocho horas, ahora son solo dos turnos de 12, que son m\u00e1s de las horas laborales, de igual forma personal que no es de base debe cubrir sus horas como si fuera a trabajar sin pagos de horas extras.&nbsp;<\/p>\n\n\n\n<p>Por otra parte, llamaron al personal involucrado para la estrategia del rector de hacer videos que victimice a los trabajadores que fueron convocados presuntamente por el sindicato para \u201cdefender la universidad\u201d y se presume que en breve estos videos podr\u00edan ser difundidos a fin de contrarrestar \u201cla mala imagen\u201d que se ha dado de la m\u00e1xima casa de estudios.&nbsp;<\/p>\n\n\n\n<p>De acuerdo con testigos que aportaron materiales que Diario Plaza Ju\u00e1rez resguarda, pero que no quieren que se hagan p\u00fablicos debido a la informaci\u00f3n que aparece, las amenazas al personal han sido constantes, se habla de descuentos, de que deben obligar a los estudiantes a tener clases en modalidad virtual, adem\u00e1s de la presi\u00f3n para compartir el material que \u201cdefienda a la universidad\u201d.&nbsp;<\/p>\n\n\n\n<p>\u201cMandaron a sus casas a varios compa\u00f1eros que estuvieron el d\u00eda de los madrazos, est\u00e1n presionando a todos, desde nuestras \u00e1reas, hasta maestros y administrativos, est\u00e1 muy cabrona la situaci\u00f3n. Lo que no se hace justo es que despu\u00e9s de todos los abusos, la forma en que te tratan y las condiciones que te ponen, encima te amenacen con quitarte el trabajo o descontarte, si estamos as\u00ed, en este pedo, es por culpa del rector que bien hubiera podido arreglar todo quitando a la maestra esa del Instituto de Artes, pero a huevo quieren tenerla ah\u00ed, pues qu\u00e9 le deben\u2026\u201d, expres\u00f3 uno de los trabajadores de la universidad.<\/p>\n\n\n\n<p>Por su parte, los estudiantes han hecho circular fotograf\u00edas de miembros del Consejo Estudiantil de fiesta en un conocido antro pachuque\u00f1o, donde presuntamente el pasado martes, despu\u00e9s de las agresiones, se fueron a festejar el haber \u201cdefendido a la universidad\u201d.<\/p>\n","protected":false},"excerpt":{"rendered":"<p>Tras los hechos ocurridos el 19 de septiembre en el edificio central de la Universidad Aut\u00f3noma del Estado de Hidalgo (UAEH), en el que varios estudiantes fueron agredidos por presuntos porros y&nbsp; personal de diferentes \u00e1reas de la m\u00e1xima casa de estudios, y derivado de las denuncias y exhibici\u00f3n que se ha hecho de la [&hellip;]<\/p>\n","protected":false},"author":72,"featured_media":282663,"comment_status":"closed","ping_status":"closed","sticky":false,"template":"","format":"standard","meta":{"footnotes":""},"categories":[15,59],"tags":[],"class_list":["post-282660","post","type-post","status-publish","format-standard","has-post-thumbnail","hentry","category-destacadas","category-general"],"_links":{"self":[{"href":"https:\/\/plazajuarez.mx\/historico\/wp-json\/wp\/v2\/posts\/282660","targetHints":{"allow":["GET"]}}],"collection":[{"href":"https:\/\/plazajuarez.mx\/historico\/wp-json\/wp\/v2\/posts"}],"about":[{"href":"https:\/\/plazajuarez.mx\/historico\/wp-json\/wp\/v2\/types\/post"}],"author":[{"embeddable":true,"href":"https:\/\/plazajuarez.mx\/historico\/wp-json\/wp\/v2\/users\/72"}],"replies":[{"embeddable":true,"href":"https:\/\/plazajuarez.mx\/historico\/wp-json\/wp\/v2\/comments?post=282660"}],"version-history":[{"count":0,"href":"https:\/\/plazajuarez.mx\/historico\/wp-json\/wp\/v2\/posts\/282660\/revisions"}],"wp:featuredmedia":[{"embeddable":true,"href":"https:\/\/plazajuarez.mx\/historico\/wp-json\/wp\/v2\/media\/282663"}],"wp:attachment":[{"href":"https:\/\/plazajuarez.mx\/historico\/wp-json\/wp\/v2\/media?parent=282660"}],"wp:term":[{"taxonomy":"category","embeddable":true,"href":"https:\/\/plazajuarez.mx\/historico\/wp-json\/wp\/v2\/categories?post=282660"},{"taxonomy":"post_tag","embeddable":true,"href":"https:\/\/plazajuarez.mx\/historico\/wp-json\/wp\/v2\/tags?post=282660"}],"curies":[{"name":"wp","href":"https:\/\/api.w.org\/{rel}","templated":true}]}}