{"id":28250,"date":"2016-09-11T15:23:17","date_gmt":"2016-09-11T15:23:17","guid":{"rendered":"http:\/\/plazajuarez.mx\/index\/index.php\/2016\/09\/11\/capilla-sixtina-llegara-a-toluca\/"},"modified":"2016-09-11T15:23:17","modified_gmt":"2016-09-11T15:23:17","slug":"capilla-sixtina-llegara-a-toluca","status":"publish","type":"post","link":"https:\/\/plazajuarez.mx\/historico\/capilla-sixtina-llegara-a-toluca\/","title":{"rendered":"CAPILLA SIXTINA LLEGAR\u00c1 A TOLUCA"},"content":{"rendered":"<p>REPRODUCCI\u00d3N DE UNO DE LOS EDIFICIOS M\u00c1S EMBLEM\u00c1TICOS DEL VATICANO\u00a0 <br \/>\u25cf\u00a0\u00a0\u00a0 El secretario de Cultura, Eduardo Gasca Pliego, anunci\u00f3 que es un hecho que la exposici\u00f3n ser\u00e1 tra\u00edda luego del \u00e9xito que tuvo en la Ciudad de M\u00e9xico a donde m\u00e1s de un mill\u00f3n de personas acudieron para admirarla<\/p>\n<p>  <!--more-->  <\/p>\n<p>La reproducci\u00f3n de la Capilla Sixtina tambi\u00e9n llegar\u00e1 a Toluca y ser\u00e1 la Plaza de los M\u00e1rtires el escenario de uno de los edificios m\u00e1s emblem\u00e1ticos del Vaticano por su tipo de construcci\u00f3n.<br \/>El secretario de Cultura, Eduardo Gasca Pliego, anunci\u00f3 que es un hecho que la exposici\u00f3n ser\u00e1 tra\u00edda luego del \u00e9xito que tuvo en la Ciudad de M\u00e9xico a donde m\u00e1s de un mill\u00f3n de personas acudieron para admirarla.<br \/>Despu\u00e9s de alg\u00fan tiempo lograron conseguir el permiso para replicar la Capilla Sixtina en Toluca, esto por el significado religioso sino por su riqueza arquitect\u00f3nica y las pinturas de Miguel \u00c1ngel.<br \/>Para poder realizar la r\u00e9plica tomaron m\u00e1s de 2 millones de fotograf\u00edas de alta resoluci\u00f3n a fin de hacerlo de la manera m\u00e1s fiel posible y as\u00ed poder llevar la obra a diversos estados de la Rep\u00fablica mexicana.<br \/>De acuerdo con lo programado, en octubre podr\u00eda abrirse este recinto y el prop\u00f3sito es llevarla tambi\u00e9n a otros lugares del Valle de M\u00e9xico.<\/p>\n","protected":false},"excerpt":{"rendered":"<p>REPRODUCCI\u00d3N DE UNO DE LOS EDIFICIOS M\u00c1S EMBLEM\u00c1TICOS DEL VATICANO\u00a0 \u25cf\u00a0\u00a0\u00a0 El secretario de Cultura, Eduardo Gasca Pliego, anunci\u00f3 que es un hecho que la exposici\u00f3n ser\u00e1 tra\u00edda luego del \u00e9xito que tuvo en la Ciudad de M\u00e9xico a donde m\u00e1s de un mill\u00f3n de personas acudieron para admirarla<\/p>\n","protected":false},"author":93,"featured_media":0,"comment_status":"open","ping_status":"open","sticky":false,"template":"","format":"standard","meta":{"footnotes":""},"categories":[41],"tags":[],"class_list":["post-28250","post","type-post","status-publish","format-standard","hentry","category-arteria-cultural"],"_links":{"self":[{"href":"https:\/\/plazajuarez.mx\/historico\/wp-json\/wp\/v2\/posts\/28250","targetHints":{"allow":["GET"]}}],"collection":[{"href":"https:\/\/plazajuarez.mx\/historico\/wp-json\/wp\/v2\/posts"}],"about":[{"href":"https:\/\/plazajuarez.mx\/historico\/wp-json\/wp\/v2\/types\/post"}],"author":[{"embeddable":true,"href":"https:\/\/plazajuarez.mx\/historico\/wp-json\/wp\/v2\/users\/93"}],"replies":[{"embeddable":true,"href":"https:\/\/plazajuarez.mx\/historico\/wp-json\/wp\/v2\/comments?post=28250"}],"version-history":[{"count":0,"href":"https:\/\/plazajuarez.mx\/historico\/wp-json\/wp\/v2\/posts\/28250\/revisions"}],"wp:attachment":[{"href":"https:\/\/plazajuarez.mx\/historico\/wp-json\/wp\/v2\/media?parent=28250"}],"wp:term":[{"taxonomy":"category","embeddable":true,"href":"https:\/\/plazajuarez.mx\/historico\/wp-json\/wp\/v2\/categories?post=28250"},{"taxonomy":"post_tag","embeddable":true,"href":"https:\/\/plazajuarez.mx\/historico\/wp-json\/wp\/v2\/tags?post=28250"}],"curies":[{"name":"wp","href":"https:\/\/api.w.org\/{rel}","templated":true}]}}