{"id":28248,"date":"2016-09-11T15:21:06","date_gmt":"2016-09-11T15:21:06","guid":{"rendered":"http:\/\/plazajuarez.mx\/index\/index.php\/2016\/09\/11\/la-fiera-se-destapa-y-golea-al-atlas\/"},"modified":"2016-09-11T15:21:06","modified_gmt":"2016-09-11T15:21:06","slug":"la-fiera-se-destapa-y-golea-al-atlas","status":"publish","type":"post","link":"https:\/\/plazajuarez.mx\/historico\/la-fiera-se-destapa-y-golea-al-atlas\/","title":{"rendered":"LA FIERA SE DESTAPA Y GOLEA AL ATLAS"},"content":{"rendered":"<p>MARCADOR FINAL<br \/>LE\u00d3N 4-1 ATLAS<\/p>\n<p>  <!--more-->  <\/p>\n<p>El refr\u00e1n se volvi\u00f3 a cumplir al pie de la letra: \u201cEquipo que estrena t\u00e9cnico, gana\u201d. Le\u00f3n, con Javier Torrente, luci\u00f3 irreconocible, como si fuera otro equipo tras golear 4-1 al Atlas.<br \/>\u00bfAcaso Torrente es un mago? \u00bfAcaso tiene la f\u00f3rmula m\u00e1gica para en quince d\u00edas cambiar tan radicalmente la cara de un equipo que no ten\u00eda ni pies ni cabeza bajo el mando de Luis Fernando Tena?<br \/>Esto, m\u00e1s que hablar bien de los jugadores de Le\u00f3n, pone en duda su integridad. Torrente ha pasado a\u00f1os y a\u00f1os a la sombra de Marcelo Bielsa, como su auxiliar. Cuando decidi\u00f3 independizarse y comenz\u00f3 su carrera como t\u00e9cnico, no consigui\u00f3 nada, hasta decidi\u00f3 \u201cretirarse\u201d para seguir una carrera pol\u00edtica, la cual tampoco prosper\u00f3. <br \/>Y ahora se present\u00f3 con una goleada frente al Atlas.<br \/>Eso hace pensar que m\u00e1s all\u00e1 del director t\u00e9cnico, los jugadores son los que realmente marcan la direcci\u00f3n en que marcha un equipo y una cosa era clara en los Esmeraldas&#8230; \u2018no quer\u00edan a Luis Fernando Tena\u2018, tanto que hicieron todo lo posible para echarlo del puesto.<br \/>Pero esa ya es otra historia. A partir de ahora se comenzar\u00e1 a hablar acerca de c\u00f3mo un argentino sin t\u00edtulos en su curr\u00edculum, es mejor que el mexicano que hizo ganar una medalla de oro en Juegos Ol\u00edmpicos.<\/p>\n","protected":false},"excerpt":{"rendered":"<p>MARCADOR FINALLE\u00d3N 4-1 ATLAS<\/p>\n","protected":false},"author":93,"featured_media":0,"comment_status":"open","ping_status":"open","sticky":false,"template":"","format":"standard","meta":{"footnotes":""},"categories":[39],"tags":[],"class_list":["post-28248","post","type-post","status-publish","format-standard","hentry","category-deportiva"],"_links":{"self":[{"href":"https:\/\/plazajuarez.mx\/historico\/wp-json\/wp\/v2\/posts\/28248","targetHints":{"allow":["GET"]}}],"collection":[{"href":"https:\/\/plazajuarez.mx\/historico\/wp-json\/wp\/v2\/posts"}],"about":[{"href":"https:\/\/plazajuarez.mx\/historico\/wp-json\/wp\/v2\/types\/post"}],"author":[{"embeddable":true,"href":"https:\/\/plazajuarez.mx\/historico\/wp-json\/wp\/v2\/users\/93"}],"replies":[{"embeddable":true,"href":"https:\/\/plazajuarez.mx\/historico\/wp-json\/wp\/v2\/comments?post=28248"}],"version-history":[{"count":0,"href":"https:\/\/plazajuarez.mx\/historico\/wp-json\/wp\/v2\/posts\/28248\/revisions"}],"wp:attachment":[{"href":"https:\/\/plazajuarez.mx\/historico\/wp-json\/wp\/v2\/media?parent=28248"}],"wp:term":[{"taxonomy":"category","embeddable":true,"href":"https:\/\/plazajuarez.mx\/historico\/wp-json\/wp\/v2\/categories?post=28248"},{"taxonomy":"post_tag","embeddable":true,"href":"https:\/\/plazajuarez.mx\/historico\/wp-json\/wp\/v2\/tags?post=28248"}],"curies":[{"name":"wp","href":"https:\/\/api.w.org\/{rel}","templated":true}]}}