{"id":282290,"date":"2023-09-21T15:13:46","date_gmt":"2023-09-21T21:13:46","guid":{"rendered":"https:\/\/plazajuarez.mx\/?p=282290"},"modified":"2023-09-21T15:13:48","modified_gmt":"2023-09-21T21:13:48","slug":"chelsea-festeja-el-dia-de-la-lucha-libre-con-divertida-imagen","status":"publish","type":"post","link":"https:\/\/plazajuarez.mx\/historico\/chelsea-festeja-el-dia-de-la-lucha-libre-con-divertida-imagen\/","title":{"rendered":"Chelsea festeja el D\u00eda de la Lucha Libre con divertida imagen"},"content":{"rendered":"\n<p>El 21 de septiembre se festeja en M\u00e9xico el D\u00eda Nacional de la Lucha Libre, una fecha muy especial para uno de los deportes m\u00e1s seguidos del pa\u00eds y creadora de tantos \u00eddolos.<\/p>\n\n\n\n<p>Figuras en mascaradas que con sus llaves y vuelos se han vuelto famosos alrededor del mundo, por ello no es de sorprender que varias personas e instituciones en el mundo lo tomen como referencia.<\/p>\n\n\n\n<p>Siendo una de ellas la cuenta en espa\u00f1ol del Chelsea, equipo de la Premier League que comparti\u00f3 una divertida imagen con referencia a sus seguirte mexicano al estilo de la caricatura &#8216;Mucha Lucha&#8217;.<\/p>\n\n\n\n<p>El cuadro ingl\u00e9s agreg\u00f3 un mensaje con frases alusivas y que por muchos a\u00f1os fueron escuchadas por sus seguidores.<\/p>\n\n\n\n<p>&#8220;\u00a1Hoy se cumplen 90 a\u00f1os de pasi\u00f3n por el deporte del pancracio! Somos terr\u00edcolas Blues y tenemos un mensaje ultrasecreto: Si es emoci\u00f3n, si es drama, si es espectacularidad, es la Lu<\/p>\n","protected":false},"excerpt":{"rendered":"<p>El 21 de septiembre se festeja en M\u00e9xico el D\u00eda Nacional de la Lucha Libre, una fecha muy especial para uno de los deportes m\u00e1s seguidos del pa\u00eds y creadora de tantos \u00eddolos. Figuras en mascaradas que con sus llaves y vuelos se han vuelto famosos alrededor del mundo, por ello no es de sorprender [&hellip;]<\/p>\n","protected":false},"author":81,"featured_media":282291,"comment_status":"closed","ping_status":"closed","sticky":false,"template":"","format":"standard","meta":{"footnotes":""},"categories":[39],"tags":[],"class_list":["post-282290","post","type-post","status-publish","format-standard","has-post-thumbnail","hentry","category-deportiva"],"_links":{"self":[{"href":"https:\/\/plazajuarez.mx\/historico\/wp-json\/wp\/v2\/posts\/282290","targetHints":{"allow":["GET"]}}],"collection":[{"href":"https:\/\/plazajuarez.mx\/historico\/wp-json\/wp\/v2\/posts"}],"about":[{"href":"https:\/\/plazajuarez.mx\/historico\/wp-json\/wp\/v2\/types\/post"}],"author":[{"embeddable":true,"href":"https:\/\/plazajuarez.mx\/historico\/wp-json\/wp\/v2\/users\/81"}],"replies":[{"embeddable":true,"href":"https:\/\/plazajuarez.mx\/historico\/wp-json\/wp\/v2\/comments?post=282290"}],"version-history":[{"count":0,"href":"https:\/\/plazajuarez.mx\/historico\/wp-json\/wp\/v2\/posts\/282290\/revisions"}],"wp:featuredmedia":[{"embeddable":true,"href":"https:\/\/plazajuarez.mx\/historico\/wp-json\/wp\/v2\/media\/282291"}],"wp:attachment":[{"href":"https:\/\/plazajuarez.mx\/historico\/wp-json\/wp\/v2\/media?parent=282290"}],"wp:term":[{"taxonomy":"category","embeddable":true,"href":"https:\/\/plazajuarez.mx\/historico\/wp-json\/wp\/v2\/categories?post=282290"},{"taxonomy":"post_tag","embeddable":true,"href":"https:\/\/plazajuarez.mx\/historico\/wp-json\/wp\/v2\/tags?post=282290"}],"curies":[{"name":"wp","href":"https:\/\/api.w.org\/{rel}","templated":true}]}}