{"id":282286,"date":"2023-09-21T15:09:01","date_gmt":"2023-09-21T21:09:01","guid":{"rendered":"https:\/\/plazajuarez.mx\/?p=282286"},"modified":"2023-09-21T15:09:04","modified_gmt":"2023-09-21T21:09:04","slug":"wendy-guevara-ya-tiene-fecha-para-perdida-pero-famosa-su-reality","status":"publish","type":"post","link":"https:\/\/plazajuarez.mx\/historico\/wendy-guevara-ya-tiene-fecha-para-perdida-pero-famosa-su-reality\/","title":{"rendered":"Wendy Guevara ya tiene fecha para &#8220;Perdida pero famosa&#8221;, su reality"},"content":{"rendered":"\n<p>El nuevo reality de la influencer trans Wendy Guevara ya tiene fecha de estreno, en el cual sus admiradores podr\u00e1n conocer sus momentos \u00edntimos, las fiestas a las que fue despu\u00e9s de ganar &#8220;La casa de los famosos M\u00e9xico&#8221; y hasta su participaci\u00f3n que tuvo como invitada especial en el reciente concierto de Yuri, en el Auditorio Nacional.<\/p>\n\n\n\n<p>Todo esto el p\u00fablico lo podr\u00e1 disfrutar en el programa &#8220;Wendy, perdida pero famosa&#8221; que se estrenar\u00e1 el 5 de octubre a trav\u00e9s de la plataforma ViX, el cual est\u00e1 compuesto por 13 episodios.<\/p>\n\n\n\n<p>Los dos primeros cap\u00edtulos de la serie se estrenar\u00e1n en el plan premium de este streaming, seguidos por dos entregas cada jueves, de acuerdo con informaci\u00f3n proporcionada por la plataforma.<\/p>\n\n\n\n<p>En esta aventura televisiva la audiencia podr\u00e1 adentrarse a la vida de la youtuber, quien se dio a conocer en el a\u00f1o 2017 gracias al ic\u00f3nico video viral en donde supuestamente estaba perdida junto con su amiga Paola Su\u00e1rez.<\/p>\n\n\n\n<p>Tras este salto a la fama y luego ganar en aquel a\u00f1o en los premios MTV MIAW, Guevara prob\u00f3 las mieles del \u00e9xito tras conseguir demasiadas visualizaciones en YouTube, tener m\u00e1s de siete millones de seguidores en Instagram.<\/p>\n\n\n\n<p>As\u00ed como triunfar en el mencionado reality en donde estuvo 10 semanas encerrada mostrando sus ocurrencias, por lo que ahora llega este nuevo proyecto en donde se le dar\u00e1 seguimiento a su vida despu\u00e9s de ganarse cuatro millones de pesos.<\/p>\n\n\n\n<p>&#8220;Me vieron tal como soy, aqu\u00ed me van a ver todav\u00eda m\u00e1s; se van a divertir chingamadral, yo hago el amor con esta c\u00e1mara que me est\u00e1 siguiendo a todos lados&#8221;, es lo que dice Wendy en este reality que est\u00e1 por estrenar.<\/p>\n\n\n\n<p>Mientras que personas que conviven con ella han expresado frases como: &#8220;se muestra tal como es&#8221;, &#8220;es bendecida&#8221;, &#8220;est\u00e1 tocada por Dios&#8221;, &#8220;tienes las puertas de nuestros corazones abiertos&#8221;, de acuerdo con el tr\u00e1iler oficial en donde la instagramer se mostrar\u00e1 m\u00e1s traviesa y sin tapujos.<\/p>\n\n\n\n<p>Actualmente Wendy tiene varias fechas pactadas para su gira musical &#8220;Resulta y Resalta&#8221; con el que lleg\u00f3 al Teatro Metrop\u00f3litan la semana pasada; adem\u00e1s en semanas recientes hab\u00eda dicho que estar\u00eda en la nueva telenovela de Juan Osorio &#8220;Un amor sin receta&#8221;, aunque dej\u00f3 entrever que tal vez ya no estar\u00eda por los compromisos de su tour.<\/p>\n","protected":false},"excerpt":{"rendered":"<p>El nuevo reality de la influencer trans Wendy Guevara ya tiene fecha de estreno, en el cual sus admiradores podr\u00e1n conocer sus momentos \u00edntimos, las fiestas a las que fue despu\u00e9s de ganar &#8220;La casa de los famosos M\u00e9xico&#8221; y hasta su participaci\u00f3n que tuvo como invitada especial en el reciente concierto de Yuri, en [&hellip;]<\/p>\n","protected":false},"author":81,"featured_media":282287,"comment_status":"closed","ping_status":"closed","sticky":false,"template":"","format":"standard","meta":{"footnotes":""},"categories":[38],"tags":[],"class_list":["post-282286","post","type-post","status-publish","format-standard","has-post-thumbnail","hentry","category-show"],"_links":{"self":[{"href":"https:\/\/plazajuarez.mx\/historico\/wp-json\/wp\/v2\/posts\/282286","targetHints":{"allow":["GET"]}}],"collection":[{"href":"https:\/\/plazajuarez.mx\/historico\/wp-json\/wp\/v2\/posts"}],"about":[{"href":"https:\/\/plazajuarez.mx\/historico\/wp-json\/wp\/v2\/types\/post"}],"author":[{"embeddable":true,"href":"https:\/\/plazajuarez.mx\/historico\/wp-json\/wp\/v2\/users\/81"}],"replies":[{"embeddable":true,"href":"https:\/\/plazajuarez.mx\/historico\/wp-json\/wp\/v2\/comments?post=282286"}],"version-history":[{"count":0,"href":"https:\/\/plazajuarez.mx\/historico\/wp-json\/wp\/v2\/posts\/282286\/revisions"}],"wp:featuredmedia":[{"embeddable":true,"href":"https:\/\/plazajuarez.mx\/historico\/wp-json\/wp\/v2\/media\/282287"}],"wp:attachment":[{"href":"https:\/\/plazajuarez.mx\/historico\/wp-json\/wp\/v2\/media?parent=282286"}],"wp:term":[{"taxonomy":"category","embeddable":true,"href":"https:\/\/plazajuarez.mx\/historico\/wp-json\/wp\/v2\/categories?post=282286"},{"taxonomy":"post_tag","embeddable":true,"href":"https:\/\/plazajuarez.mx\/historico\/wp-json\/wp\/v2\/tags?post=282286"}],"curies":[{"name":"wp","href":"https:\/\/api.w.org\/{rel}","templated":true}]}}