{"id":282282,"date":"2023-09-21T14:43:10","date_gmt":"2023-09-21T20:43:10","guid":{"rendered":"https:\/\/plazajuarez.mx\/?p=282282"},"modified":"2023-09-21T14:43:12","modified_gmt":"2023-09-21T20:43:12","slug":"vincent-van-gogh-y-pokemon-extrana-colaboracion-que-prepara-museo","status":"publish","type":"post","link":"https:\/\/plazajuarez.mx\/historico\/vincent-van-gogh-y-pokemon-extrana-colaboracion-que-prepara-museo\/","title":{"rendered":"\u00bfVincent van Gogh y Pokemon? Extra\u00f1a colaboraci\u00f3n que prepara museo"},"content":{"rendered":"\n<p>Hay algo raro en &#8220;Los Girasoles&#8221;, de Van Gogh, en vez de un girasol se puede observar el rostro de Sunflora, un personaje del videojuego de Pokemon.<\/p>\n\n\n\n<p>El Museo Van Gogh, ubicado en Holanda, anunci\u00f3 que trabaja con Pokemon a trav\u00e9s de un video animado en el que se ve a Pikachu y Eeve corriendo en medio de un sembrad\u00edo de Sunfloras. S\u00f3lo que en un punto el cielo azul y sus nubes adquieren la textura de las famosas pinceladas del artista Vincent van Gogh.<\/p>\n\n\n\n<p>Esta no es la primera vez que Pokemon trabaja junto a museos. El medio estadounidense &#8220;Artnet News&#8221; report\u00f3 que actualmente se exhibe un &#8220;f\u00f3sil&#8221; de un pokemon en el Museo de Historia Natural Gunma en Jap\u00f3n.<\/p>\n\n\n\n<p>En 2018, el Museo Metropolitano de Nueva York lanz\u00f3 tarjetas coleccionables con obras de Edvard Munch intervenidas con personajes de Pokemon.<\/p>\n\n\n\n<p>El recinto se\u00f1al\u00f3 que el pr\u00f3ximo 28 de septiembre dar\u00e1 a conocer de qu\u00e9 se trata esta extra\u00f1a colaboraci\u00f3n, en la que el arte y el videojuego se encuentran. \u00bfSer\u00e1 una exposici\u00f3n o un juego?<\/p>\n","protected":false},"excerpt":{"rendered":"<p>Hay algo raro en &#8220;Los Girasoles&#8221;, de Van Gogh, en vez de un girasol se puede observar el rostro de Sunflora, un personaje del videojuego de Pokemon. El Museo Van Gogh, ubicado en Holanda, anunci\u00f3 que trabaja con Pokemon a trav\u00e9s de un video animado en el que se ve a Pikachu y Eeve corriendo [&hellip;]<\/p>\n","protected":false},"author":81,"featured_media":282283,"comment_status":"closed","ping_status":"closed","sticky":false,"template":"","format":"standard","meta":{"footnotes":""},"categories":[41],"tags":[],"class_list":["post-282282","post","type-post","status-publish","format-standard","has-post-thumbnail","hentry","category-arteria-cultural"],"_links":{"self":[{"href":"https:\/\/plazajuarez.mx\/historico\/wp-json\/wp\/v2\/posts\/282282","targetHints":{"allow":["GET"]}}],"collection":[{"href":"https:\/\/plazajuarez.mx\/historico\/wp-json\/wp\/v2\/posts"}],"about":[{"href":"https:\/\/plazajuarez.mx\/historico\/wp-json\/wp\/v2\/types\/post"}],"author":[{"embeddable":true,"href":"https:\/\/plazajuarez.mx\/historico\/wp-json\/wp\/v2\/users\/81"}],"replies":[{"embeddable":true,"href":"https:\/\/plazajuarez.mx\/historico\/wp-json\/wp\/v2\/comments?post=282282"}],"version-history":[{"count":0,"href":"https:\/\/plazajuarez.mx\/historico\/wp-json\/wp\/v2\/posts\/282282\/revisions"}],"wp:featuredmedia":[{"embeddable":true,"href":"https:\/\/plazajuarez.mx\/historico\/wp-json\/wp\/v2\/media\/282283"}],"wp:attachment":[{"href":"https:\/\/plazajuarez.mx\/historico\/wp-json\/wp\/v2\/media?parent=282282"}],"wp:term":[{"taxonomy":"category","embeddable":true,"href":"https:\/\/plazajuarez.mx\/historico\/wp-json\/wp\/v2\/categories?post=282282"},{"taxonomy":"post_tag","embeddable":true,"href":"https:\/\/plazajuarez.mx\/historico\/wp-json\/wp\/v2\/tags?post=282282"}],"curies":[{"name":"wp","href":"https:\/\/api.w.org\/{rel}","templated":true}]}}