{"id":282191,"date":"2023-09-21T09:57:18","date_gmt":"2023-09-21T15:57:18","guid":{"rendered":"https:\/\/plazajuarez.mx\/?p=282191"},"modified":"2023-09-21T09:57:19","modified_gmt":"2023-09-21T15:57:19","slug":"estudiantes-de-la-esap-se-unen-al-paro-estudiantil","status":"publish","type":"post","link":"https:\/\/plazajuarez.mx\/historico\/estudiantes-de-la-esap-se-unen-al-paro-estudiantil\/","title":{"rendered":"Estudiantes de la ESAP, se unen al paro estudiantil"},"content":{"rendered":"\n<p><strong>Apan, Hgo.- <\/strong>Estudiantes de la Escuela Superior de Apan, dependiente de UAEH, se unen a las protestas pac\u00edficas en apoyo a sus compa\u00f1eros del Instituto de Artes (IDA), quienes fueron violentados en d\u00edas pasados.<\/p>\n\n\n\n<p>El apoyo, que de forma pac\u00edfica tomaron las instalaciones de la ESAP, fue por medio de una convocatoria hacia los alumnos para que se unieran a este movimiento pac\u00edfico y respaldaran las demandas en donde exigen la destituci\u00f3n de la directora del Instituto de Artes.<\/p>\n\n\n\n<p>Los estudiantes de la ESAP, condenaron los actos violentos de los que fueron v\u00edctimas sus compa\u00f1eros estudiantes del IDA el pasado martes en la capital del estado, y de igual forma, demandan un di\u00e1logo pac\u00edfico y apoyan el pliego petitorio de los alumnos de artes, que entre otras cosas exigen la renuncia de la directora, Mar\u00eda Teresa Paulin R\u00edos.\u00a0<\/p>\n","protected":false},"excerpt":{"rendered":"<p>Apan, Hgo.- Estudiantes de la Escuela Superior de Apan, dependiente de UAEH, se unen a las protestas pac\u00edficas en apoyo a sus compa\u00f1eros del Instituto de Artes (IDA), quienes fueron violentados en d\u00edas pasados. El apoyo, que de forma pac\u00edfica tomaron las instalaciones de la ESAP, fue por medio de una convocatoria hacia los alumnos [&hellip;]<\/p>\n","protected":false},"author":93,"featured_media":282192,"comment_status":"closed","ping_status":"closed","sticky":false,"template":"","format":"standard","meta":{"footnotes":""},"categories":[15,2159,40],"tags":[],"class_list":["post-282191","post","type-post","status-publish","format-standard","has-post-thumbnail","hentry","category-destacadas","category-noticias-de-hidalgo","category-region"],"_links":{"self":[{"href":"https:\/\/plazajuarez.mx\/historico\/wp-json\/wp\/v2\/posts\/282191","targetHints":{"allow":["GET"]}}],"collection":[{"href":"https:\/\/plazajuarez.mx\/historico\/wp-json\/wp\/v2\/posts"}],"about":[{"href":"https:\/\/plazajuarez.mx\/historico\/wp-json\/wp\/v2\/types\/post"}],"author":[{"embeddable":true,"href":"https:\/\/plazajuarez.mx\/historico\/wp-json\/wp\/v2\/users\/93"}],"replies":[{"embeddable":true,"href":"https:\/\/plazajuarez.mx\/historico\/wp-json\/wp\/v2\/comments?post=282191"}],"version-history":[{"count":0,"href":"https:\/\/plazajuarez.mx\/historico\/wp-json\/wp\/v2\/posts\/282191\/revisions"}],"wp:featuredmedia":[{"embeddable":true,"href":"https:\/\/plazajuarez.mx\/historico\/wp-json\/wp\/v2\/media\/282192"}],"wp:attachment":[{"href":"https:\/\/plazajuarez.mx\/historico\/wp-json\/wp\/v2\/media?parent=282191"}],"wp:term":[{"taxonomy":"category","embeddable":true,"href":"https:\/\/plazajuarez.mx\/historico\/wp-json\/wp\/v2\/categories?post=282191"},{"taxonomy":"post_tag","embeddable":true,"href":"https:\/\/plazajuarez.mx\/historico\/wp-json\/wp\/v2\/tags?post=282191"}],"curies":[{"name":"wp","href":"https:\/\/api.w.org\/{rel}","templated":true}]}}