{"id":282188,"date":"2023-09-21T09:29:12","date_gmt":"2023-09-21T15:29:12","guid":{"rendered":"https:\/\/plazajuarez.mx\/?p=282188"},"modified":"2023-09-21T09:29:14","modified_gmt":"2023-09-21T15:29:14","slug":"obras-de-picasso-y-otros-artistas-son-exhibidas-en-museo-de-ciudad-mexicana-de-monterrey","status":"publish","type":"post","link":"https:\/\/plazajuarez.mx\/historico\/obras-de-picasso-y-otros-artistas-son-exhibidas-en-museo-de-ciudad-mexicana-de-monterrey\/","title":{"rendered":"Obras de Picasso y otros artistas son exhibidas en museo de ciudad mexicana de Monterrey"},"content":{"rendered":"\n<p>Bajo el t\u00edtulo: \u201cEcos de lo eterno: un viaje de la modernidad hacia lo contempor\u00e1neo\u201d, el Museo de Arte Contempor\u00e1neo de Monterrey, norte de M\u00e9xico, presenta una exposici\u00f3n integrada por obras de una colecci\u00f3n privada que permiten dar seguimiento al trabajo de artistas como Pablo Picasso y Marcel Duchamp, adem\u00e1s de conocer las ra\u00edces del arte contempor\u00e1neo.<\/p>\n\n\n\n<p>En la muestra, que abrir\u00e1 al p\u00fablico el pr\u00f3ximo viernes y se exhibir\u00e1 hasta el 7 de enero de 2024, tambi\u00e9n se puede apreciar el trabajo de artistas mexicanos como los muralistas Diego Rivera, Jos\u00e9 Clemente Orozco, David Alfaro Siqueiros y Juan O\u00b4 Gorman.<\/p>\n\n\n\n<p>Con la intenci\u00f3n de que el p\u00fablico conozca las ra\u00edces del arte contempor\u00e1neo, la muestra, integrada por pintura, escultura, cer\u00e1mica, acuarela, dibujo y mobiliario, se divide en cinco ejes tem\u00e1ticos: cimientos del modernismo europeo, la modernidad mexicana, la evoluci\u00f3n del modernismo a trav\u00e9s de Am\u00e9rica, el \u00e9xodo en M\u00e9xico y marcando tendencia para el nuevo siglo.<\/p>\n\n\n\n<p>La exposici\u00f3n re\u00fane m\u00e1s de 140 obras de artistas que marcaron el arte del siglo XX hasta la actualidad, explic\u00f3 este mi\u00e9rcoles a medios la curadora de la muestra Taiyana Pimentel, directora del museo, uno de los m\u00e1s importantes de arte contempor\u00e1neo en Am\u00e9rica Latina.<\/p>\n\n\n\n<p>En el recorrido, Pimentel destac\u00f3 el generoso pr\u00e9stamo al museo de la obra, que se exhibe por primera vez en conjunto, por parte de una familia de coleccionistas y fil\u00e1ntropos de M\u00e9xico a la que prefiri\u00f3 mantener en el anonimato.<\/p>\n\n\n\n<p>&#8220;La familia por razones privadas y porque es gente muy sencilla prefiere mantener el anonimato, pero s\u00ed debo decirles que tuve el honor de conocer al patriarca de esta colecci\u00f3n, un hombre de investigaci\u00f3n, un gran empresario mexicano con una gran visi\u00f3n de los negocios, pero tambi\u00e9n con una gran visi\u00f3n de la humanidad\u201d, explic\u00f3 sobre el origen de la exposici\u00f3n.<\/p>\n\n\n\n<p>Mencion\u00f3 que la muestra permite realizar un an\u00e1lisis en el paso del tiempo y exhibe obras de grandes vanguardistas europeos, as\u00ed como de artistas modernos de origen mexicano.<\/p>\n\n\n\n<p>Dentro de la exposici\u00f3n, por ejemplo, se puede apreciar uno de los dos bocetos a escala que Juan O\u00b4Gorman, realiz\u00f3 previo al mural Retablo de la Revoluci\u00f3n (Sufragio efectivo no reelecci\u00f3n), que hizo para el Museo Nacional de Historia del Castillo de Chapultepec.<\/p>\n\n\n\n<p>\u201cLa muestra es un di\u00e1logo constante entre los artistas que definieron los c\u00e1nones del siglo XX en el arte moderno y en el arte contempor\u00e1neo\u201d, relat\u00f3 la curadora de la muestra.<\/p>\n\n\n\n<p>La obra de Pablo Picasso tambi\u00e9n es parte de la exposici\u00f3n, que muestra al artista espa\u00f1ol ya institucionalizado y reconocido por la historia del arte.<\/p>\n\n\n\n<p>\u201cUn Pablo Picasso que ha definido qui\u00e9n es art\u00edsticamente, pero tambi\u00e9n pol\u00edticamente, un Picasso que adem\u00e1s comienza a investigar y comienza a practicar en lo que llamar\u00edamos las artes aplicadas\u201d, asent\u00f3.<\/p>\n\n\n\n<p>La obra \u201cEscenas de circo\u201d, realizada en mosaico, re\u00fane la idea \u201cpicassiana\u201d de lo carnavalesco, el circo, la danza y la convivencia, mientras que otra obra aborda los horrores de la Segunda Guerra Mundial.<\/p>\n\n\n\n<p>\u201cYo me atrever\u00eda a decir que por un lado descubre a un Picasso que ya hab\u00eda pasado la \u00e9poca rosa, la \u00e9poca azul y hab\u00eda pasado el cubismo y se centra en un problema expresionista, porque como todos sabemos, Picasso ten\u00eda esa doble cabeza, muy intelectual, pero muy pol\u00edtica\u201d, detall\u00f3.<\/p>\n\n\n\n<p>La exposici\u00f3n es patrocinada por el Gobierno del estado de Nuevo Le\u00f3n, a trav\u00e9s de la Secretar\u00eda de Cultura y por las empresas Arca Continental, Cemex, Femsa, Xignux, municipio de Monterrey, Cydsa, Frisa y Arte Expuesto.<\/p>\n","protected":false},"excerpt":{"rendered":"<p>Bajo el t\u00edtulo: \u201cEcos de lo eterno: un viaje de la modernidad hacia lo contempor\u00e1neo\u201d, el Museo de Arte Contempor\u00e1neo de Monterrey, norte de M\u00e9xico, presenta una exposici\u00f3n integrada por obras de una colecci\u00f3n privada que permiten dar seguimiento al trabajo de artistas como Pablo Picasso y Marcel Duchamp, adem\u00e1s de conocer las ra\u00edces del [&hellip;]<\/p>\n","protected":false},"author":80,"featured_media":282189,"comment_status":"closed","ping_status":"closed","sticky":false,"template":"","format":"standard","meta":{"footnotes":""},"categories":[41],"tags":[],"class_list":["post-282188","post","type-post","status-publish","format-standard","has-post-thumbnail","hentry","category-arteria-cultural"],"_links":{"self":[{"href":"https:\/\/plazajuarez.mx\/historico\/wp-json\/wp\/v2\/posts\/282188","targetHints":{"allow":["GET"]}}],"collection":[{"href":"https:\/\/plazajuarez.mx\/historico\/wp-json\/wp\/v2\/posts"}],"about":[{"href":"https:\/\/plazajuarez.mx\/historico\/wp-json\/wp\/v2\/types\/post"}],"author":[{"embeddable":true,"href":"https:\/\/plazajuarez.mx\/historico\/wp-json\/wp\/v2\/users\/80"}],"replies":[{"embeddable":true,"href":"https:\/\/plazajuarez.mx\/historico\/wp-json\/wp\/v2\/comments?post=282188"}],"version-history":[{"count":0,"href":"https:\/\/plazajuarez.mx\/historico\/wp-json\/wp\/v2\/posts\/282188\/revisions"}],"wp:featuredmedia":[{"embeddable":true,"href":"https:\/\/plazajuarez.mx\/historico\/wp-json\/wp\/v2\/media\/282189"}],"wp:attachment":[{"href":"https:\/\/plazajuarez.mx\/historico\/wp-json\/wp\/v2\/media?parent=282188"}],"wp:term":[{"taxonomy":"category","embeddable":true,"href":"https:\/\/plazajuarez.mx\/historico\/wp-json\/wp\/v2\/categories?post=282188"},{"taxonomy":"post_tag","embeddable":true,"href":"https:\/\/plazajuarez.mx\/historico\/wp-json\/wp\/v2\/tags?post=282188"}],"curies":[{"name":"wp","href":"https:\/\/api.w.org\/{rel}","templated":true}]}}