{"id":282185,"date":"2023-09-21T09:21:25","date_gmt":"2023-09-21T15:21:25","guid":{"rendered":"https:\/\/plazajuarez.mx\/?p=282185"},"modified":"2023-09-21T09:21:27","modified_gmt":"2023-09-21T15:21:27","slug":"los-tigres-del-norte-llegan-a-bogota-y-prometen-conciertos-llenos-de-sorpresas","status":"publish","type":"post","link":"https:\/\/plazajuarez.mx\/historico\/los-tigres-del-norte-llegan-a-bogota-y-prometen-conciertos-llenos-de-sorpresas\/","title":{"rendered":"Los Tigres del Norte llegan a Bogot\u00e1 y prometen conciertos &#8220;llenos de sorpresas&#8221;"},"content":{"rendered":"\n<p>El grupo musical Los Tigres del Norte, uno de los m\u00e1s exitosos de la historia de M\u00e9xico, llega este 21 y 23 de septiembre a Bogot\u00e1 con dos conciertos que estar\u00e1n &#8220;llenos de sorpresas&#8221;, anunciaron este mi\u00e9rcoles sus integrantes de la ic\u00f3nica banda.<\/p>\n\n\n\n<p>&#8220;Como no traemos a ning\u00fan otro artista alrededor de nosotros, traemos un repertorio musical de unas tres horas y media para que el p\u00fablico escuche todas las canciones&#8221;, se\u00f1al\u00f3 Luis Hern\u00e1ndez.<\/p>\n\n\n\n<p>\u00c9l, junto con sus hermanos Hern\u00e1n, Ra\u00fal y Jorge, al lado de su primo, \u00d3scar Lara, cumplen 50 a\u00f1os de carrera art\u00edstica y sin intenci\u00f3n de dejar los escenarios.<\/p>\n\n\n\n<h2 class=\"wp-block-heading\"><strong>Mantienen la esencia<\/strong><\/h2>\n\n\n\n<p>La popularidad de este grupo, que salt\u00f3 a la fama en 1973 con su quinto disco, &#8220;Contrabando y traici\u00f3n&#8221;, ha ido en aumento hasta llegar a ganar 140 discos de platino, 135 de oro y un disco de diamante en las m\u00e1s de 700 canciones que han grabado.<\/p>\n\n\n\n<p>Exponentes de la m\u00fasica norte\u00f1a, parte de su fama lleg\u00f3 con el controvertido g\u00e9nero de los &#8220;narcocorridos&#8221;, que narra historias relativas a esa vida y sus protagonistas por lo que ha sufrido censura, especialmente en M\u00e9xico.<\/p>\n\n\n\n<p>&#8220;No podemos negar que en alguna \u00e9poca se nos prohibieron alguno de los corridos que hac\u00edamos porque el Gobierno (mexicano) quer\u00eda relacionar eso con lo que estaba pasando, pero por mucho que lo proh\u00edban no pueden evitar que eso siga existiendo&#8221;, expres\u00f3 Hern\u00e1n Hern\u00e1ndez a EFE.<\/p>\n\n\n\n<p>No obstante, Hern\u00e1n, que reconoci\u00f3 que con este g\u00e9nero musical el grupo gan\u00f3 popularidad, explic\u00f3 que Los Tigres del Norte siempre han estado muy dedicados a dar mensajes aunque llevan &#8220;cuatro o cinco a\u00f1os&#8221; sin hacer ning\u00fan narcocorrido.<\/p>\n\n\n\n<p>Por \u00faltimo, critic\u00f3 que en la actualidad &#8220;se hacen corridos de ficci\u00f3n y es muy peque\u00f1o el porcentaje de lo que se est\u00e1 diciendo&#8221;, algo que contrasta con las canciones de la banda mexicana en la que las historias eran reales.<\/p>\n\n\n\n<p>Los Tigres del Norte se han atrevido a experimentar con otros g\u00e9neros, incluso el rock, aunque siempre manteniendo la esencia norte\u00f1a.<\/p>\n\n\n\n<p>Gracias a esto se expandieron en mercados que nada tienen que ver con el regional mexicano, pero donde los aceptan por su calidad musical y las historias de sus corridos, tales como &#8220;Contrabando y traici\u00f3n&#8221; o &#8220;Jefe de jefes&#8221;.<\/p>\n\n\n\n<p>Gracias a sus trabajos se han ganado seis premios Grammy y 12 Grammy latino y tambi\u00e9n han aparecido en m\u00e1s de 18 pel\u00edculas.<\/p>\n\n\n\n<p>Los Tigres del Norte, que despu\u00e9s de las dos fechas en Bogot\u00e1 cerrar\u00e1n su gira por Colombia con conciertos en los departamentos del Huila y de Boyac\u00e1&nbsp; y luego ir\u00e1n a M\u00e9xico y Estados Unidos antes de acabar 2023.<\/p>\n","protected":false},"excerpt":{"rendered":"<p>El grupo musical Los Tigres del Norte, uno de los m\u00e1s exitosos de la historia de M\u00e9xico, llega este 21 y 23 de septiembre a Bogot\u00e1 con dos conciertos que estar\u00e1n &#8220;llenos de sorpresas&#8221;, anunciaron este mi\u00e9rcoles sus integrantes de la ic\u00f3nica banda. &#8220;Como no traemos a ning\u00fan otro artista alrededor de nosotros, traemos un [&hellip;]<\/p>\n","protected":false},"author":80,"featured_media":282186,"comment_status":"closed","ping_status":"closed","sticky":false,"template":"","format":"standard","meta":{"footnotes":""},"categories":[38],"tags":[],"class_list":["post-282185","post","type-post","status-publish","format-standard","has-post-thumbnail","hentry","category-show"],"_links":{"self":[{"href":"https:\/\/plazajuarez.mx\/historico\/wp-json\/wp\/v2\/posts\/282185","targetHints":{"allow":["GET"]}}],"collection":[{"href":"https:\/\/plazajuarez.mx\/historico\/wp-json\/wp\/v2\/posts"}],"about":[{"href":"https:\/\/plazajuarez.mx\/historico\/wp-json\/wp\/v2\/types\/post"}],"author":[{"embeddable":true,"href":"https:\/\/plazajuarez.mx\/historico\/wp-json\/wp\/v2\/users\/80"}],"replies":[{"embeddable":true,"href":"https:\/\/plazajuarez.mx\/historico\/wp-json\/wp\/v2\/comments?post=282185"}],"version-history":[{"count":0,"href":"https:\/\/plazajuarez.mx\/historico\/wp-json\/wp\/v2\/posts\/282185\/revisions"}],"wp:featuredmedia":[{"embeddable":true,"href":"https:\/\/plazajuarez.mx\/historico\/wp-json\/wp\/v2\/media\/282186"}],"wp:attachment":[{"href":"https:\/\/plazajuarez.mx\/historico\/wp-json\/wp\/v2\/media?parent=282185"}],"wp:term":[{"taxonomy":"category","embeddable":true,"href":"https:\/\/plazajuarez.mx\/historico\/wp-json\/wp\/v2\/categories?post=282185"},{"taxonomy":"post_tag","embeddable":true,"href":"https:\/\/plazajuarez.mx\/historico\/wp-json\/wp\/v2\/tags?post=282185"}],"curies":[{"name":"wp","href":"https:\/\/api.w.org\/{rel}","templated":true}]}}