{"id":28143,"date":"2016-09-09T15:32:05","date_gmt":"2016-09-09T15:32:05","guid":{"rendered":"http:\/\/plazajuarez.mx\/index\/index.php\/2016\/09\/09\/contra-funcionario-no-contra-escritor\/"},"modified":"2016-09-09T15:32:05","modified_gmt":"2016-09-09T15:32:05","slug":"contra-funcionario-no-contra-escritor","status":"publish","type":"post","link":"https:\/\/plazajuarez.mx\/historico\/contra-funcionario-no-contra-escritor\/","title":{"rendered":"Contra funcionario, no contra escritor"},"content":{"rendered":"<p>Crimen y Castigo<\/p>\n<p>  <!--more-->  <\/p>\n<p>En los \u00faltimos d\u00edas, en diversos c\u00edrculos intelectuales se sigue debatiendo la pol\u00e9mica de Nicol\u00e1s Alvarado vs Juan Gabriel. Mientras unos gritan \u00a1A la hoguera! Otros vociferan: \u00a1Censura! \u00a1Inquisici\u00f3n!, principalmente con el tema de la intervenci\u00f3n del Consejo Nacional para Prevenir la Discriminaci\u00f3n (Conapred), lo cual, dicen, hace sonar las alertas respecto a la libertad de expresi\u00f3n de los escritores, intelectuales y columnistas. <br \/>Pero, a ver&#8230; No. Andan muy confundidos. La cosa es as\u00ed: dicha instancia emiti\u00f3 las tan sonadas medidas precautorias contra un funcionario, no contra un escritor. Seg\u00fan la instancia, admiti\u00f3 la queja y solicit\u00f3 dichas medidas mientras Nicol\u00e1s Alvarado era funcionario de la UNAM, pero cuando se retir\u00f3 del cargo de director de la televisi\u00f3n universitaria esas recomendaciones quedaron sin efecto. <br \/>Nuevas salas para en el Tamayo<br \/>Aunque hace un mes y medio en el Museo Rufino Tamayo abrieron dos exhibiciones con obras del propio Rufino Tamayo y con piezas de su colecci\u00f3n, s\u00f3lo ser\u00e1 hasta las siguientes semanas cuando se den a conocer de manera oficial estas dos nuevas salas del recinto que son las que estar\u00e1n dedicadas a la obra del pintor oaxaque\u00f1o y a la exposici\u00f3n de parte de su colecci\u00f3n. <br \/>Las obras de Tamayo que se exponen son m\u00e1s de 80, vienen de instituciones del INBA y de colecciones particulares; lo curioso es que no es este recinto el que cuenta con el mayor grupo de \u00f3leos del pintor, hay m\u00e1s en el Museo de Arte Moderno, porque lo que \u00e9l y su esposa Olga quisieron siempre fue acrecentar la colecci\u00f3n de arte nacional y mundial. Las piezas de su colecci\u00f3n, que estar\u00e1n rot\u00e1ndose en una de estas dos salas, son m\u00e1s de 300, y fueron compradas por el pintor principalmente en los a\u00f1os 70. Este acervo internacional, considerado por algunos como una s\u00edntesis de las vanguardias de la segunda mitad del siglo XX, hoy exhibe piezas que no hay que dejar de ver, como In the Patio, V de Georgia O\u00b4Keeffe.<br \/>Las apuestas de Quer\u00e9taro <br \/>Seguro que a Paulina Aguado Romero, actual directora del Instituto Queretano de Cultura, ya se le queman las habas por convertirse en la flamante primera titular de la Secretar\u00eda de Cultura del estado de Quer\u00e9taro. La noticia de que ya trabajan en la iniciativa para crear la Secretar\u00eda, la hizo p\u00fablica el propio gobernador de la entidad, Francisco Dom\u00ednguez Servi\u00e9n, quien ni tardo ni perezoso aprovech\u00f3 los reflectores y la presencia de escritores nacionales e internacionales reunidos en el Hay Festival, para hacer el anuncio de la nueva dependencia. <\/p>\n","protected":false},"excerpt":{"rendered":"<p>Crimen y Castigo<\/p>\n","protected":false},"author":93,"featured_media":0,"comment_status":"open","ping_status":"open","sticky":false,"template":"","format":"standard","meta":{"footnotes":""},"categories":[42],"tags":[],"class_list":["post-28143","post","type-post","status-publish","format-standard","hentry","category-nuestrapalabra"],"_links":{"self":[{"href":"https:\/\/plazajuarez.mx\/historico\/wp-json\/wp\/v2\/posts\/28143","targetHints":{"allow":["GET"]}}],"collection":[{"href":"https:\/\/plazajuarez.mx\/historico\/wp-json\/wp\/v2\/posts"}],"about":[{"href":"https:\/\/plazajuarez.mx\/historico\/wp-json\/wp\/v2\/types\/post"}],"author":[{"embeddable":true,"href":"https:\/\/plazajuarez.mx\/historico\/wp-json\/wp\/v2\/users\/93"}],"replies":[{"embeddable":true,"href":"https:\/\/plazajuarez.mx\/historico\/wp-json\/wp\/v2\/comments?post=28143"}],"version-history":[{"count":0,"href":"https:\/\/plazajuarez.mx\/historico\/wp-json\/wp\/v2\/posts\/28143\/revisions"}],"wp:attachment":[{"href":"https:\/\/plazajuarez.mx\/historico\/wp-json\/wp\/v2\/media?parent=28143"}],"wp:term":[{"taxonomy":"category","embeddable":true,"href":"https:\/\/plazajuarez.mx\/historico\/wp-json\/wp\/v2\/categories?post=28143"},{"taxonomy":"post_tag","embeddable":true,"href":"https:\/\/plazajuarez.mx\/historico\/wp-json\/wp\/v2\/tags?post=28143"}],"curies":[{"name":"wp","href":"https:\/\/api.w.org\/{rel}","templated":true}]}}