{"id":28142,"date":"2016-09-09T15:31:49","date_gmt":"2016-09-09T15:31:49","guid":{"rendered":"http:\/\/plazajuarez.mx\/index\/index.php\/2016\/09\/09\/transformemos-los-retos-en-oportunidades-1\/"},"modified":"2016-09-09T15:31:49","modified_gmt":"2016-09-09T15:31:49","slug":"transformemos-los-retos-en-oportunidades-1","status":"publish","type":"post","link":"https:\/\/plazajuarez.mx\/historico\/transformemos-los-retos-en-oportunidades-1\/","title":{"rendered":"Transformemos los retos en oportunidades (1)"},"content":{"rendered":"<p>Es esencial reconocer los enormes avances que alcanzaron los mexicanos que nos han antecedido, y que constituyen una s\u00f3lida plataforma para seguir construyendo un M\u00e9xico mejor<\/p>\n<p>  <!--more-->  <\/p>\n<p>Hace unos d\u00edas asist\u00ed en representaci\u00f3n del presidente Pe\u00f1a Nieto a un evento que convoc\u00f3 a 300 de los m\u00e1s destacados l\u00edderes de M\u00e9xico. En la actualidad, los mexicanos est\u00e1n insatisfechos con el desempe\u00f1o que ha tenido el pa\u00eds. Sin embargo, en mi discurso expres\u00e9 la firme convicci\u00f3n de que M\u00e9xico tiene todo para ser una naci\u00f3n desarrollada en esta generaci\u00f3n. Por ello, en estas l\u00edneas quiero compartir con ustedes el que a mi juicio deber\u00eda ser el camino a seguir para enfrentar los retos y rezagos que se nos presentan.<br \/>Como un punto de partida, es esencial reconocer los enormes avances que alcanzaron los mexicanos que nos han antecedido, y que constituyen una s\u00f3lida plataforma para seguir construyendo un M\u00e9xico mejor.<br \/>Sin pretender que sean temas resueltos, en indicadores b\u00e1sicos como salud y educaci\u00f3n los avances han sido impresionantes: la esperanza de vida pas\u00f3 de 34 a\u00f1os en 1930 a 76.7 a\u00f1os en la actualidad, mientras que la cobertura de educaci\u00f3n primaria creci\u00f3 de 64.5% en 1970 a 96.2% en 2015, y en nivel medio superior pas\u00f3 de 48 a 71%.<br \/>Este tipo de evoluci\u00f3n lo vemos en un sinn\u00famero de \u00e1mbitos, por ejemplo el turismo, sector que me toca dirigir, se ha consolidado como un motor de crecimiento en M\u00e9xico, llegando a representar 8.5% del PIB y llev\u00e1ndonos al lugar 9 entre los pa\u00edses m\u00e1s visitados en el mundo.<br \/>Estos logros son producto de un largo proceso de perfeccionamiento de nuestras instituciones. Hace s\u00f3lo 40 a\u00f1os carec\u00edamos de un r\u00e9gimen verdaderamente democr\u00e1tico, y hoy la ciudadan\u00eda utiliza de forma racional y diferenciada su voto; tenemos los contrapesos de un Poder Judicial y un Congreso independientes as\u00ed como \u00f3rganos constitucionales aut\u00f3nomos.<br \/>M\u00e9xico tambi\u00e9n se ha convertido en uno de los pa\u00edses m\u00e1s competitivos del mundo. La estabilidad macroecon\u00f3mica es resultado de mantener una pol\u00edtica monetaria y fiscal responsable durante tres d\u00e9cadas. Adem\u00e1s, con 13 tratados de libre comercio desde 1994 hemos moldeado una econom\u00eda abierta, y gracias a ello en los \u00faltimos 15 a\u00f1os la recepci\u00f3n de inversi\u00f3n extranjera directa se multiplic\u00f3 por seis y alcanz\u00f3 un r\u00e9cord de 28 mil 382 millones de d\u00f3lares el a\u00f1o pasado.<br \/>A partir de esta plataforma, con el liderazgo del Presidente y un consenso hist\u00f3rico entre fuerzas pol\u00edticas, logramos una serie de reformas profundas, algunas de las cuales ya han comenzado a rendir frutos.<br \/>Con la reforma financiera, el cr\u00e9dito creci\u00f3 cinco veces m\u00e1s que la econom\u00eda y la penetraci\u00f3n crediticia ha pasado de 25% del PIB en 2012 a casi 31% en este a\u00f1o, adem\u00e1s las tasas de inter\u00e9s disminuyeron 9% en el mismo lapso.<br \/>La reforma de telecomunicaciones disminuy\u00f3 las tarifas en 30.5%, lo que representa un ahorro anual superior a 20 mil millones de pesos. Desde la implementaci\u00f3n de la reforma laboral hace tres a\u00f1os, se han generado dos millones de empleos, la cifra m\u00e1s alta en los \u00faltimos cuatro sexenios.<br \/>La reforma fiscal y la energ\u00e9tica traer\u00e1n beneficios m\u00e1s de mediano plazo, pero igualmente esenciales para darle viabilidad a nuestra econom\u00eda. Perseverando en la reforma educativa evitaremos condenar a los mexicanos menos favorecidos a la pobreza y a la inmovilidad social permanentes.<br \/>No obstante, hay que reconocer que existe un sentimiento de malestar, enojo y molestia que, tambi\u00e9n es cierto, no es privativo de nuestro pa\u00eds; la gente est\u00e1 molesta con sus gobiernos porque no est\u00e1n resolviendo sus problemas.<br \/>Adem\u00e1s de problemas como bajo crecimiento econ\u00f3mico, insuficiente generaci\u00f3n de empleos y la creciente desigualdad, entre otros que trascienden cualquier frontera, la insatisfacci\u00f3n de los mexicanos radica en que, a pesar de lo logrado, no hemos sido capaces de abatir la pobreza y erradicar la impunidad, la corrupci\u00f3n y la inseguridad.<br \/>Pero este mismo descontento, refleja al mismo tiempo a una sociedad que aspira a mejores condiciones de vida a partir de estadios superados. En la insatisfacci\u00f3n y exigencia estamos definiendo el pa\u00eds al que aspiramos; uno donde nadie sea condenado a ser pobre por el hecho de haber nacido as\u00ed; donde los funcionarios p\u00fablicos manejemos con honestidad e inteligencia los recursos de la sociedad; un pa\u00eds donde los ciudadanos se acojan a la ley y se castigue a los que la violen.<br \/>Ese M\u00e9xico es posible y alcanzarlo depender\u00e1 de todos nosotros. En la siguiente entrega me permitir\u00e9 abordar lo que considero deben ser algunos lineamientos del camino a seguir.<\/p>\n","protected":false},"excerpt":{"rendered":"<p>Es esencial reconocer los enormes avances que alcanzaron los mexicanos que nos han antecedido, y que constituyen una s\u00f3lida plataforma para seguir construyendo un M\u00e9xico mejor<\/p>\n","protected":false},"author":93,"featured_media":0,"comment_status":"open","ping_status":"open","sticky":false,"template":"","format":"standard","meta":{"footnotes":""},"categories":[42],"tags":[],"class_list":["post-28142","post","type-post","status-publish","format-standard","hentry","category-nuestrapalabra"],"_links":{"self":[{"href":"https:\/\/plazajuarez.mx\/historico\/wp-json\/wp\/v2\/posts\/28142","targetHints":{"allow":["GET"]}}],"collection":[{"href":"https:\/\/plazajuarez.mx\/historico\/wp-json\/wp\/v2\/posts"}],"about":[{"href":"https:\/\/plazajuarez.mx\/historico\/wp-json\/wp\/v2\/types\/post"}],"author":[{"embeddable":true,"href":"https:\/\/plazajuarez.mx\/historico\/wp-json\/wp\/v2\/users\/93"}],"replies":[{"embeddable":true,"href":"https:\/\/plazajuarez.mx\/historico\/wp-json\/wp\/v2\/comments?post=28142"}],"version-history":[{"count":0,"href":"https:\/\/plazajuarez.mx\/historico\/wp-json\/wp\/v2\/posts\/28142\/revisions"}],"wp:attachment":[{"href":"https:\/\/plazajuarez.mx\/historico\/wp-json\/wp\/v2\/media?parent=28142"}],"wp:term":[{"taxonomy":"category","embeddable":true,"href":"https:\/\/plazajuarez.mx\/historico\/wp-json\/wp\/v2\/categories?post=28142"},{"taxonomy":"post_tag","embeddable":true,"href":"https:\/\/plazajuarez.mx\/historico\/wp-json\/wp\/v2\/tags?post=28142"}],"curies":[{"name":"wp","href":"https:\/\/api.w.org\/{rel}","templated":true}]}}