{"id":281219,"date":"2023-09-14T09:59:56","date_gmt":"2023-09-14T15:59:56","guid":{"rendered":"https:\/\/plazajuarez.mx\/?p=281219"},"modified":"2023-09-14T09:59:57","modified_gmt":"2023-09-14T15:59:57","slug":"desconocidos-intentaron-asaltar-la-residencia-del-ministro-de-hacienda-de-brasil","status":"publish","type":"post","link":"https:\/\/plazajuarez.mx\/historico\/desconocidos-intentaron-asaltar-la-residencia-del-ministro-de-hacienda-de-brasil\/","title":{"rendered":"Desconocidos intentaron asaltar la residencia del ministro de Hacienda de Brasil"},"content":{"rendered":"\n<p class=\"wp-block-paragraph\">&nbsp;Cuatro desconocidos intentaron asaltar este jueves la residencia del ministro brasile\u00f1o de Hacienda, Fernando Haddad, en la ciudad de S\u00e3o Paulo, aunque desistieron tras acceder al patio de la vivienda, informaron fuentes oficiales.<\/p>\n\n\n\n<p class=\"wp-block-paragraph\">El intento de asalto se produjo en la madrugada de este jueves en momentos en que Haddad dorm\u00eda en su residencia particular, inform\u00f3 el Ministerio de Hacienda en un comunicado.<\/p>\n\n\n\n<p class=\"wp-block-paragraph\">Los sospechosos no fueron identificados, pero las c\u00e1maras de vigilancia del inmueble registraron la invasi\u00f3n y las im\u00e1genes fueron entregadas a la Polic\u00eda Federal, asegura la nota.<\/p>\n\n\n\n<p class=\"wp-block-paragraph\">De acuerdo con el Ministerio, el interior de la residencia no lleg\u00f3 a ser invadido y nada fue robado.<\/p>\n\n\n\n<p class=\"wp-block-paragraph\">Seg\u00fan fuentes de la Polic\u00eda citadas por medios locales, los asaltantes accedieron al patio tras forzar la puerta a la calle, pero encontraron dificultades para abrir la puerta interior y huyeron.<\/p>\n\n\n\n<p class=\"wp-block-paragraph\">S\u00e3o Paulo, la mayor ciudad de Brasil y de la que Haddad ya fue alcalde (2013-2017), registr\u00f3 68.400 robos y 123.200 hurtos en el primer semestre de este a\u00f1o, con promedios de 420 robos y 673 hurtos por d\u00eda, seg\u00fan la secretar\u00eda regional de Seguridad P\u00fablica.<\/p>\n\n\n\n<p class=\"wp-block-paragraph\">Seg\u00fan una encuesta divulgada la semana pasada por la firma Datafolha, la violencia y la criminalidad, con un 22 %, se convirtieron en la principal preocupaci\u00f3n de los habitantes de S\u00e3o Paulo en agosto.<\/p>\n\n\n\n<p class=\"wp-block-paragraph\">Fue la primera vez en once a\u00f1os que los paulistanos se mostraron m\u00e1s preocupados con la violencia que con la salud.<\/p>\n","protected":false},"excerpt":{"rendered":"<p>&nbsp;Cuatro desconocidos intentaron asaltar este jueves la residencia del ministro brasile\u00f1o de Hacienda, Fernando Haddad, en la ciudad de S\u00e3o Paulo, aunque desistieron tras acceder al patio de la vivienda, informaron fuentes oficiales. El intento de asalto se produjo en la madrugada de este jueves en momentos en que Haddad dorm\u00eda en su residencia particular, [&hellip;]<\/p>\n","protected":false},"author":80,"featured_media":281220,"comment_status":"closed","ping_status":"closed","sticky":false,"template":"","format":"standard","meta":{"footnotes":""},"categories":[31],"tags":[],"class_list":["post-281219","post","type-post","status-publish","format-standard","has-post-thumbnail","hentry","category-orbe"],"_links":{"self":[{"href":"https:\/\/plazajuarez.mx\/historico\/wp-json\/wp\/v2\/posts\/281219","targetHints":{"allow":["GET"]}}],"collection":[{"href":"https:\/\/plazajuarez.mx\/historico\/wp-json\/wp\/v2\/posts"}],"about":[{"href":"https:\/\/plazajuarez.mx\/historico\/wp-json\/wp\/v2\/types\/post"}],"author":[{"embeddable":true,"href":"https:\/\/plazajuarez.mx\/historico\/wp-json\/wp\/v2\/users\/80"}],"replies":[{"embeddable":true,"href":"https:\/\/plazajuarez.mx\/historico\/wp-json\/wp\/v2\/comments?post=281219"}],"version-history":[{"count":0,"href":"https:\/\/plazajuarez.mx\/historico\/wp-json\/wp\/v2\/posts\/281219\/revisions"}],"wp:featuredmedia":[{"embeddable":true,"href":"https:\/\/plazajuarez.mx\/historico\/wp-json\/wp\/v2\/media\/281220"}],"wp:attachment":[{"href":"https:\/\/plazajuarez.mx\/historico\/wp-json\/wp\/v2\/media?parent=281219"}],"wp:term":[{"taxonomy":"category","embeddable":true,"href":"https:\/\/plazajuarez.mx\/historico\/wp-json\/wp\/v2\/categories?post=281219"},{"taxonomy":"post_tag","embeddable":true,"href":"https:\/\/plazajuarez.mx\/historico\/wp-json\/wp\/v2\/tags?post=281219"}],"curies":[{"name":"wp","href":"https:\/\/api.w.org\/{rel}","templated":true}]}}