{"id":280964,"date":"2023-09-13T08:11:00","date_gmt":"2023-09-13T14:11:00","guid":{"rendered":"https:\/\/plazajuarez.mx\/?p=280964"},"modified":"2023-09-13T03:34:58","modified_gmt":"2023-09-13T09:34:58","slug":"becky-g-anuncia-su-nuevo-album-esquinas","status":"publish","type":"post","link":"https:\/\/plazajuarez.mx\/historico\/becky-g-anuncia-su-nuevo-album-esquinas\/","title":{"rendered":"Becky G anuncia su nuevo \u00e1lbum, &#8220;Esquinas&#8221;"},"content":{"rendered":"\n<p>La cantante estadounidense Becky G pondr\u00e1 a la venta el pr\u00f3ximo 28 de septiembre su nuevo disco de estudio, &#8220;Esquinas&#8221;, seg\u00fan dio a conocer este martes en sus redes sociales y en las que comparti\u00f3 la portada del disco.<\/p>\n\n\n\n<p>&#8220;Este proyecto significa mucho para m\u00ed, ha sido una manera de repasar memorias para poder ense\u00f1arles un poco m\u00e1s de qui\u00e9n soy&#8221;, explic\u00f3 en espa\u00f1ol la cantante, quien en marzo pasado public\u00f3 &#8220;Chanel&#8221;, junto al mexicano Peso Pluma.<\/p>\n\n\n\n<p>El disco, que est\u00e1 inspirado en la m\u00fasica que escuchaba de peque\u00f1a, muestra en su portada un retrato de la cantante cuando era una ni\u00f1a y con sombrero vaquero.<\/p>\n\n\n\n<p>&#8220;Esquinas&#8221; ser\u00e1 su tercer disco de estudio, tras publicar el a\u00f1o pasado &#8220;Esquemas&#8221; y &#8220;Mala Santa&#8221; en 2019.&nbsp;<\/p>\n\n\n\n<p>Seg\u00fan dio a conocer el pasado mes en el programa &#8220;Today&#8221; de la cadena NBC, la cantante acompa\u00f1ar\u00e1 el lanzamiento del disco con la gira &#8220;Mi Casa, Tu Casa&#8221;, que arrancar\u00e1 este jueves en Massachusetts, EE.UU.<\/p>\n","protected":false},"excerpt":{"rendered":"<p>La cantante estadounidense Becky G pondr\u00e1 a la venta el pr\u00f3ximo 28 de septiembre su nuevo disco de estudio, &#8220;Esquinas&#8221;, seg\u00fan dio a conocer este martes en sus redes sociales y en las que comparti\u00f3 la portada del disco. &#8220;Este proyecto significa mucho para m\u00ed, ha sido una manera de repasar memorias para poder ense\u00f1arles [&hellip;]<\/p>\n","protected":false},"author":80,"featured_media":280965,"comment_status":"closed","ping_status":"closed","sticky":false,"template":"","format":"standard","meta":{"footnotes":""},"categories":[38],"tags":[],"class_list":["post-280964","post","type-post","status-publish","format-standard","has-post-thumbnail","hentry","category-show"],"_links":{"self":[{"href":"https:\/\/plazajuarez.mx\/historico\/wp-json\/wp\/v2\/posts\/280964","targetHints":{"allow":["GET"]}}],"collection":[{"href":"https:\/\/plazajuarez.mx\/historico\/wp-json\/wp\/v2\/posts"}],"about":[{"href":"https:\/\/plazajuarez.mx\/historico\/wp-json\/wp\/v2\/types\/post"}],"author":[{"embeddable":true,"href":"https:\/\/plazajuarez.mx\/historico\/wp-json\/wp\/v2\/users\/80"}],"replies":[{"embeddable":true,"href":"https:\/\/plazajuarez.mx\/historico\/wp-json\/wp\/v2\/comments?post=280964"}],"version-history":[{"count":0,"href":"https:\/\/plazajuarez.mx\/historico\/wp-json\/wp\/v2\/posts\/280964\/revisions"}],"wp:featuredmedia":[{"embeddable":true,"href":"https:\/\/plazajuarez.mx\/historico\/wp-json\/wp\/v2\/media\/280965"}],"wp:attachment":[{"href":"https:\/\/plazajuarez.mx\/historico\/wp-json\/wp\/v2\/media?parent=280964"}],"wp:term":[{"taxonomy":"category","embeddable":true,"href":"https:\/\/plazajuarez.mx\/historico\/wp-json\/wp\/v2\/categories?post=280964"},{"taxonomy":"post_tag","embeddable":true,"href":"https:\/\/plazajuarez.mx\/historico\/wp-json\/wp\/v2\/tags?post=280964"}],"curies":[{"name":"wp","href":"https:\/\/api.w.org\/{rel}","templated":true}]}}