{"id":280946,"date":"2023-09-13T08:05:00","date_gmt":"2023-09-13T14:05:00","guid":{"rendered":"https:\/\/plazajuarez.mx\/?p=280946"},"modified":"2023-09-13T02:59:54","modified_gmt":"2023-09-13T08:59:54","slug":"balacera-en-aeropuerto-internacional-de-la-ciudad-de-mexico-un-detenido","status":"publish","type":"post","link":"https:\/\/plazajuarez.mx\/historico\/balacera-en-aeropuerto-internacional-de-la-ciudad-de-mexico-un-detenido\/","title":{"rendered":"Balacera en Aeropuerto Internacional\u00a0de la Ciudad de M\u00e9xico; un detenido"},"content":{"rendered":"\n<p>La tarde de este martes, tras una persecuci\u00f3n policial se suscit\u00f3 una balacera en la Terminal 1 del Aeropuerto Internacional de la Ciudad de M\u00e9xico (AICM), donde un oficial result\u00f3 lesionado de bala, adem\u00e1s una mujer polic\u00eda fue atropellada debido a detonaciones de arma de fuego y se logr\u00f3 la detenci\u00f3n de una persona involucrada en un presunto robo.<\/p>\n\n\n\n<p>De manera extraoficial trascendi\u00f3 que las detonaciones de armas de fuego, provocaron el terror de usuarios de la terminal a\u00e9rea que se encontraba documentando y realizando diversas labores, incluso en los mostradores de la empresa Volaris, la gente se tir\u00f3 al suelo y trataron de ocultarse para evitar ser alcanzados por las balas.<\/p>\n\n\n\n<p>De ello la Secretar\u00eda de Seguridad Ciudadana inform\u00f3 que personal de la Subsecretar\u00eda de Inteligencia e Investigaci\u00f3n Policial, realizaba trabajos de investigaci\u00f3n y seguimiento en las inmediaciones del Aeropuerto Internacional de la Ciudad de M\u00e9xico (AICM), ello debido a diversas denuncias ciudadanas por robo perpetrado en la zona de aduanas.<\/p>\n\n\n\n<p>Fue as\u00ed como cuando observaron el paso de un veh\u00edculo probablemente involucrado en dicho delito sobre la avenida Del Pe\u00f1\u00f3n y su cruce con el Circuito Interior en la colonia Pensador Mexicano, alcald\u00eda Venustiano Carranza,y procedieron a intervenirlo.<\/p>\n\n\n\n<p>No obstante, el tripulante al observar la presencia policial, realiz\u00f3 disparos en contra de los uniformados y aceler\u00f3 la marcha hasta ingresar al acceso del estacionamiento del AICM, donde impact\u00f3 contra varios veh\u00edculos y, al bajar de la unidad, fue detenido.<\/p>\n\n\n\n<p>Finalmente se inform\u00f3 que derivado de lo anterior, un oficial result\u00f3 lesionado por arma de fuego y una mujer polic\u00eda lesionada por atropellamiento.<\/p>\n","protected":false},"excerpt":{"rendered":"<p>La tarde de este martes, tras una persecuci\u00f3n policial se suscit\u00f3 una balacera en la Terminal 1 del Aeropuerto Internacional de la Ciudad de M\u00e9xico (AICM), donde un oficial result\u00f3 lesionado de bala, adem\u00e1s una mujer polic\u00eda fue atropellada debido a detonaciones de arma de fuego y se logr\u00f3 la detenci\u00f3n de una persona involucrada [&hellip;]<\/p>\n","protected":false},"author":93,"featured_media":280947,"comment_status":"closed","ping_status":"closed","sticky":false,"template":"","format":"standard","meta":{"footnotes":""},"categories":[37],"tags":[],"class_list":["post-280946","post","type-post","status-publish","format-standard","has-post-thumbnail","hentry","category-barandilla"],"_links":{"self":[{"href":"https:\/\/plazajuarez.mx\/historico\/wp-json\/wp\/v2\/posts\/280946","targetHints":{"allow":["GET"]}}],"collection":[{"href":"https:\/\/plazajuarez.mx\/historico\/wp-json\/wp\/v2\/posts"}],"about":[{"href":"https:\/\/plazajuarez.mx\/historico\/wp-json\/wp\/v2\/types\/post"}],"author":[{"embeddable":true,"href":"https:\/\/plazajuarez.mx\/historico\/wp-json\/wp\/v2\/users\/93"}],"replies":[{"embeddable":true,"href":"https:\/\/plazajuarez.mx\/historico\/wp-json\/wp\/v2\/comments?post=280946"}],"version-history":[{"count":0,"href":"https:\/\/plazajuarez.mx\/historico\/wp-json\/wp\/v2\/posts\/280946\/revisions"}],"wp:featuredmedia":[{"embeddable":true,"href":"https:\/\/plazajuarez.mx\/historico\/wp-json\/wp\/v2\/media\/280947"}],"wp:attachment":[{"href":"https:\/\/plazajuarez.mx\/historico\/wp-json\/wp\/v2\/media?parent=280946"}],"wp:term":[{"taxonomy":"category","embeddable":true,"href":"https:\/\/plazajuarez.mx\/historico\/wp-json\/wp\/v2\/categories?post=280946"},{"taxonomy":"post_tag","embeddable":true,"href":"https:\/\/plazajuarez.mx\/historico\/wp-json\/wp\/v2\/tags?post=280946"}],"curies":[{"name":"wp","href":"https:\/\/api.w.org\/{rel}","templated":true}]}}