{"id":280943,"date":"2023-09-13T08:04:00","date_gmt":"2023-09-13T14:04:00","guid":{"rendered":"https:\/\/plazajuarez.mx\/?p=280943"},"modified":"2023-09-13T02:55:37","modified_gmt":"2023-09-13T08:55:37","slug":"roban-trailer-con-carga-de-cigarros-y-encajuelan-a-cuatro-custodios","status":"publish","type":"post","link":"https:\/\/plazajuarez.mx\/historico\/roban-trailer-con-carga-de-cigarros-y-encajuelan-a-cuatro-custodios\/","title":{"rendered":"Roban tr\u00e1iler con carga de cigarros y encajuelan\u00a0a cuatro custodios"},"content":{"rendered":"\n<p>Mediante una oportuna intervenci\u00f3n, luego de una denuncia de un asalto, robo y secuestro, elementos de Seguridad P\u00fablica Municipal de Tepeji del R\u00edo, implementaron un operativo que permiti\u00f3 la localizaci\u00f3n de dos veh\u00edculos abandonados en diferentes puntos despoblados del municipio, en los que fueron encontrados y liberados cuatro custodios que habr\u00edan sido privados de su libertad, luego de un presunto asalto a mano armada y robo de una unidad de carga que circulaba por la autopista M\u00e9xico-Quer\u00e9taro.<\/p>\n\n\n\n<p>La informaci\u00f3n que se emiti\u00f3 al respecto advierte que inicialmente un veh\u00edculo fue localizado por los guardianes de la ley, en las inmediaciones del Relleno Sanitario, donde se report\u00f3 que se tuvo a la vista un auto compacto, Nissan Versa, color blanco, con las portezuelas abiertas, en el cual, al realizar la inspecci\u00f3n se descubri\u00f3 que se encontraban encerrados dos custodios dentro de la cajuela, uno de ellos estaba amarrado de las manos, por lo que de manera pronta se procedi\u00f3 a liberarlos.<\/p>\n\n\n\n<p>As\u00ed mismo, se destac\u00f3 que otro veh\u00edculo fue localizado cerca de la autopista M\u00e9xico-Quer\u00e9taro, en el cual se encontraron a otros dos custodios sin sus ropas, ante lo que se decidi\u00f3 brindarles auxilio.<\/p>\n\n\n\n<p>Al realizar sus declaraciones iniciales, las cuatro personas coincidieron en se\u00f1alar que trabajan para una empresa de seguridad privada y que sufrieron un violento asalto a mano armada.<\/p>\n\n\n\n<p>Los afectados relataron que custodiaban un cami\u00f3n de carga que transportaba varias toneladas tabaco, pero repentinamente fueron interceptados por hombres que portaban armas de fuego, quienes los sometieron al circular en la autopista M\u00e9xico-Quer\u00e9taro, en inmediaciones de Tepeji del R\u00edo y los individuos se llevaron la unidad con la mercanc\u00eda, privando de la libertad a los cuatro vigilantes.<\/p>\n\n\n\n<p>La Polic\u00eda Municipal de Tepeji del R\u00edo dio a conocer que se logr\u00f3 informaci\u00f3n de que dicha unidad y su carga fue recuperada por la polic\u00eda del Estado de M\u00e9xico.<\/p>\n\n\n\n<p>Finalmente, los representantes de la empresa privada de seguridad acudieron a la corporaci\u00f3n polic\u00edaca de Hidalgo para apoyar a sus trabajadores, quienes fueron entregados sanos y salvos.<\/p>\n","protected":false},"excerpt":{"rendered":"<p>Mediante una oportuna intervenci\u00f3n, luego de una denuncia de un asalto, robo y secuestro, elementos de Seguridad P\u00fablica Municipal de Tepeji del R\u00edo, implementaron un operativo que permiti\u00f3 la localizaci\u00f3n de dos veh\u00edculos abandonados en diferentes puntos despoblados del municipio, en los que fueron encontrados y liberados cuatro custodios que habr\u00edan sido privados de su [&hellip;]<\/p>\n","protected":false},"author":93,"featured_media":280944,"comment_status":"closed","ping_status":"closed","sticky":false,"template":"","format":"standard","meta":{"footnotes":""},"categories":[37],"tags":[],"class_list":["post-280943","post","type-post","status-publish","format-standard","has-post-thumbnail","hentry","category-barandilla"],"_links":{"self":[{"href":"https:\/\/plazajuarez.mx\/historico\/wp-json\/wp\/v2\/posts\/280943","targetHints":{"allow":["GET"]}}],"collection":[{"href":"https:\/\/plazajuarez.mx\/historico\/wp-json\/wp\/v2\/posts"}],"about":[{"href":"https:\/\/plazajuarez.mx\/historico\/wp-json\/wp\/v2\/types\/post"}],"author":[{"embeddable":true,"href":"https:\/\/plazajuarez.mx\/historico\/wp-json\/wp\/v2\/users\/93"}],"replies":[{"embeddable":true,"href":"https:\/\/plazajuarez.mx\/historico\/wp-json\/wp\/v2\/comments?post=280943"}],"version-history":[{"count":0,"href":"https:\/\/plazajuarez.mx\/historico\/wp-json\/wp\/v2\/posts\/280943\/revisions"}],"wp:featuredmedia":[{"embeddable":true,"href":"https:\/\/plazajuarez.mx\/historico\/wp-json\/wp\/v2\/media\/280944"}],"wp:attachment":[{"href":"https:\/\/plazajuarez.mx\/historico\/wp-json\/wp\/v2\/media?parent=280943"}],"wp:term":[{"taxonomy":"category","embeddable":true,"href":"https:\/\/plazajuarez.mx\/historico\/wp-json\/wp\/v2\/categories?post=280943"},{"taxonomy":"post_tag","embeddable":true,"href":"https:\/\/plazajuarez.mx\/historico\/wp-json\/wp\/v2\/tags?post=280943"}],"curies":[{"name":"wp","href":"https:\/\/api.w.org\/{rel}","templated":true}]}}