{"id":280742,"date":"2023-09-11T14:51:37","date_gmt":"2023-09-11T20:51:37","guid":{"rendered":"https:\/\/plazajuarez.mx\/?p=280742"},"modified":"2023-09-11T14:51:39","modified_gmt":"2023-09-11T20:51:39","slug":"el-salvador-recuerda-a-allende-en-el-50-aniversario-del-golpe-de-estado-en-chile","status":"publish","type":"post","link":"https:\/\/plazajuarez.mx\/historico\/el-salvador-recuerda-a-allende-en-el-50-aniversario-del-golpe-de-estado-en-chile\/","title":{"rendered":"El Salvador recuerda a Allende en el 50 aniversario del golpe de Estado en Chile"},"content":{"rendered":"\n<p>&nbsp;Autoridades de la Embajada de Chile y de la estatal Universidad de El Salvador (UES) recordaron este lunes el legado de Salvador Allende e inauguraron una exposici\u00f3n fotogr\u00e1fica con motivo del 50 aniversario del golpe de Estado contra el entonces presidente chileno.<\/p>\n\n\n\n<p>La actividad se realiz\u00f3 en la sede central de la UES, en San Salvador, y tambi\u00e9n colocaron ofrendas florales en un mural del rostro del pol\u00edtico socialista chileno, el cual se encuentra en la entrada de la Facultad de Medicina de dicho centro de estudio.<\/p>\n\n\n\n<p>&#8220;50 a\u00f1os atr\u00e1s despertamos de un sue\u00f1o que dur\u00f3 1.000 d\u00edas, un sue\u00f1o de convertir a Chile en una patria justa y buena para todos, fue un sue\u00f1o colectivo destruido a sangre y fuego. 50 a\u00f1os despu\u00e9s seguimos so\u00f1ando con aquel pa\u00eds que entonces quisimos construir&#8221;, dijo la embajadora de Chile en El Salvador, Mar\u00eda Soledad Morales.<\/p>\n\n\n\n<p>La diplom\u00e1tica apunt\u00f3 que &#8220;esta muestra fotogr\u00e1fica nos permite recuperar el valor de la gesta colectiva que signific\u00f3 ese per\u00edodo, vemos la alegr\u00eda de quienes participaron en ella, su compromiso de movilizaci\u00f3n en defensa del que consideraban su Gobierno&#8221;.<\/p>\n\n\n\n<p>Por su parte, el vicerrector acad\u00e9mico de la UES, Ra\u00fal Azc\u00fanaga, se\u00f1al\u00f3 que &#8220;es un verdadero gusto, como universidad, honrar la memoria de quienes hicieron historia de verdad en este continente, Am\u00e9rica Latina&#8221;.<\/p>\n\n\n\n<p>&#8220;Para la Universidad de El Salvador la figura de Salvador Allende es una figura importante (&#8230;) hay que conmemorar las ideas de Salvador Allende como un ciudadano ejemplar de la talla de grandes lideres y de grandes intelectuales&#8221;, afirm\u00f3 Azc\u00fanaga.<\/p>\n\n\n\n<p>Chile conmemor\u00f3 este lunes el 50 aniversario del golpe de Estado contra el presidente Allende en una emotiva ceremonia a la que asistieron varios mandatarios internacionales y en la que estuvo ausente la oposici\u00f3n de derecha, un gesto que demuestra la polarizaci\u00f3n y la crispaci\u00f3n en la que est\u00e1 sumido el pa\u00eds.<\/p>\n\n\n\n<p>El golpe del 11 de septiembre de 1973 liderado por el general Augusto Pinochet dio inicio a una cruel dictadura de 17 a\u00f1os, que dej\u00f3 m\u00e1s de 40.000 v\u00edctimas, entre ellos m\u00e1s de 3.200 ejecutados, de los cuales un millar a\u00fan est\u00e1n desaparecidos.<\/p>\n\n\n\n<p>La conmemoraci\u00f3n de los 50 a\u00f1os del golpe de Estado ha generado gran polarizaci\u00f3n en Chile hasta el punto de que la derecha tradicional y la ultraderecha declinaron participar en los actos conmemorativos y firmar una declaraci\u00f3n promovida por el presidente Gabriel Boric a favor de la democracia.<\/p>\n\n\n\n<p>La Uni\u00f3n Dem\u00f3crata Independiente (UDI), uno de los partidos de Chile Vamos y de origen pinochetista, public\u00f3 este lunes una dura declaraci\u00f3n en la que asegur\u00f3 que el golpe era &#8220;inevitable&#8221; porque durante el Gobierno de la Unidad Popular &#8220;sobrevino un quiebre social, pol\u00edtico e institucional&#8221;.<\/p>\n","protected":false},"excerpt":{"rendered":"<p>&nbsp;Autoridades de la Embajada de Chile y de la estatal Universidad de El Salvador (UES) recordaron este lunes el legado de Salvador Allende e inauguraron una exposici\u00f3n fotogr\u00e1fica con motivo del 50 aniversario del golpe de Estado contra el entonces presidente chileno. La actividad se realiz\u00f3 en la sede central de la UES, en San [&hellip;]<\/p>\n","protected":false},"author":80,"featured_media":280743,"comment_status":"closed","ping_status":"closed","sticky":false,"template":"","format":"standard","meta":{"footnotes":""},"categories":[31],"tags":[],"class_list":["post-280742","post","type-post","status-publish","format-standard","has-post-thumbnail","hentry","category-orbe"],"_links":{"self":[{"href":"https:\/\/plazajuarez.mx\/historico\/wp-json\/wp\/v2\/posts\/280742","targetHints":{"allow":["GET"]}}],"collection":[{"href":"https:\/\/plazajuarez.mx\/historico\/wp-json\/wp\/v2\/posts"}],"about":[{"href":"https:\/\/plazajuarez.mx\/historico\/wp-json\/wp\/v2\/types\/post"}],"author":[{"embeddable":true,"href":"https:\/\/plazajuarez.mx\/historico\/wp-json\/wp\/v2\/users\/80"}],"replies":[{"embeddable":true,"href":"https:\/\/plazajuarez.mx\/historico\/wp-json\/wp\/v2\/comments?post=280742"}],"version-history":[{"count":0,"href":"https:\/\/plazajuarez.mx\/historico\/wp-json\/wp\/v2\/posts\/280742\/revisions"}],"wp:featuredmedia":[{"embeddable":true,"href":"https:\/\/plazajuarez.mx\/historico\/wp-json\/wp\/v2\/media\/280743"}],"wp:attachment":[{"href":"https:\/\/plazajuarez.mx\/historico\/wp-json\/wp\/v2\/media?parent=280742"}],"wp:term":[{"taxonomy":"category","embeddable":true,"href":"https:\/\/plazajuarez.mx\/historico\/wp-json\/wp\/v2\/categories?post=280742"},{"taxonomy":"post_tag","embeddable":true,"href":"https:\/\/plazajuarez.mx\/historico\/wp-json\/wp\/v2\/tags?post=280742"}],"curies":[{"name":"wp","href":"https:\/\/api.w.org\/{rel}","templated":true}]}}