{"id":280737,"date":"2023-09-11T14:20:28","date_gmt":"2023-09-11T20:20:28","guid":{"rendered":"https:\/\/plazajuarez.mx\/?p=280737"},"modified":"2023-09-11T14:20:29","modified_gmt":"2023-09-11T20:20:29","slug":"rafael-perez-gay-mis-muertos-me-visitan-a-menudo","status":"publish","type":"post","link":"https:\/\/plazajuarez.mx\/historico\/rafael-perez-gay-mis-muertos-me-visitan-a-menudo\/","title":{"rendered":"Rafael P\u00e9rez Gay: &#8220;Mis muertos me visitan a menudo&#8221;"},"content":{"rendered":"\n<p>El escritor mexicano Rafael P\u00e9rez Gay revel\u00f3 este domingo tener comunicaci\u00f3n con los seres queridos que abandonaron sus cuerpos, algunos de los cuales son protagonistas de &#8220;Todo de cristal&#8221;, su m\u00e1s reciente novela.<\/p>\n\n\n\n<p>&#8220;Mis muertos me visitan a menudo; los psicoanalistas dir\u00e1n que debemos hacer los duelos bien hechos o si no se quedan. Yo prefiero que se queden&#8221;, confes\u00f3 el autor en una entrevista con EFE.<\/p>\n\n\n\n<p>Tomado de la mano del ni\u00f1o que fue, en &#8220;Todo de Cristal&#8221;, P\u00e9rez Gay regresa en el tiempo, hace paradas en las 22 casas donde vivi\u00f3, y recrea la \u00e9poca junto a sus padres fallecidos y sus hermanas, en un ambiente de carencia econ\u00f3mica, asumido con un esp\u00edritu aventurado desde la inocencia de su corta edad.<\/p>\n\n\n\n<p>&#8220;Mis padres viv\u00edan con desesperaci\u00f3n los agobios financieros; el ni\u00f1o que fui, no. Para \u00e9l todo era aventura; iba a una escuela p\u00fablica que era buena y la ciudad le pertenec\u00eda porque eran los tiempos cuando los ni\u00f1os y las ni\u00f1as pod\u00edan salir a la ciudad, los parques y las calles; si un d\u00eda hab\u00eda leche, bien; si no hab\u00eda, no importaba&#8221;.<\/p>\n\n\n\n<p>La obra, publicada por Seix Barral, escrita con un aire de intimidad, cuenta la emociones del Rafael infantil, cuando fue futbolista callejero, aplaudi\u00f3 al et\u00edope Mamo Wolde en el marat\u00f3n de los Juegos Ol\u00edmpicos de 1968 y sinti\u00f3 el dolor en alguna derrota de su equipo de f\u00fatbol, el Necaxa, emociones que hilvana con el pasado de la ciudad.<\/p>\n\n\n\n<p>EL LADO FEMENINO, UN ATAJO EN EL CAMINO<\/p>\n\n\n\n<p>El padre, fuera, y el hermano mayor, estudiante en Alemania, dejaron al peque\u00f1o Rafa en manos de mujeres. La madre y tres hermanas educaron al chico ante el susto del padre, quien advert\u00eda que, por ponerlo a ver telenovelas, lo iban a volver maric\u00f3n.<\/p>\n\n\n\n<p>&#8220;Los hombres y las mujeres son iguales, pero en la casa de mi infancia, ellas eran m\u00e1s fuertes, m\u00e1s h\u00e1biles, m\u00e1s pr\u00e1cticas. Desde entonces mi lado femenino ha sido fundamental, no solo para mis relaciones con las mujeres, sino en las relaciones de trabajo&#8221;, acepta.<\/p>\n\n\n\n<p>El libro, de 166 p\u00e1ginas, tiene dos estructuras que se acompa\u00f1an, la de la memoria personal y la de la memoria colectiva. La personal es de la familia como n\u00facleo y universo donde se pueden contar y narrar muchas cosas y la memoria colectiva, la de la Ciudad de M\u00e9xico y el pa\u00eds en finales de los a\u00f1os 60 e inicios de los 70.<\/p>\n\n\n\n<p>P\u00e9rez Gay refresca momentos de hace medio siglo y de antes: la construcci\u00f3n del Palacio de Bellas Artes, los programas de televisi\u00f3n de anta\u00f1o, la corrupci\u00f3n de los pol\u00edticos, de siempre, la aparici\u00f3n del metro y los eventos deportivos y culturales.<\/p>\n\n\n\n<p>&#8220;En casa hab\u00eda siempre dos peri\u00f3dicos sobre la mesa, Excelsior y El Heraldo; esas dos memorias se van cruzando en la vida del narrador. Claro hay que dejar limpio el pasado; bueno no s\u00e9 si limpio o libre, o con suficiente espacio porque la memoria enga\u00f1a. No son lo mismo los recuerdos que la memoria&#8221;, asegura.<\/p>\n\n\n\n<p>UN FANTASMA CUENTA HISTORIAS<\/p>\n\n\n\n<p>Un ser sin cuerpo le da al libro una perspectiva de c\u00e1mara en otro \u00e1ngulo. Un fantasma lo ve todo y cuenta la vida doble del padre, las vivencias del ni\u00f1o en el barrio y, a pesar de no tener cuerpo, da credibilidad a la prosa.<\/p>\n\n\n\n<p>&#8220;Necesitaba un recurso literario que me permitiera alejarme y ese fantasma acompa\u00f1a a la familia por sus mudanzas, pero tambi\u00e9n acompa\u00f1a a mis padres en la oscuridad, con sus agobios financieros, a la hermana. En ese sentido esta novela es un informe de iniciaci\u00f3n&#8221;.<\/p>\n\n\n\n<p>A los 66 a\u00f1os Rafael P\u00e9rez Gay ajusta cuentas con el pasado y cierra la obra con una cita del escritor Joseph Heller: &#8220;He llegado por fin a lo que quer\u00eda ser de mayor, un ni\u00f1o&#8221;.<\/p>\n\n\n\n<p>El ni\u00f1o es hoy un adulto de barba cana que se recuper\u00f3 de un c\u00e1ncer, se mantuvo erecto cuando el poder oportunista lo quiso aplastar y nada dos kil\u00f3metros cuatro veces a la semana para mantener a raya el paso del tiempo.<\/p>\n\n\n\n<p>Despu\u00e9s de la escritura la mente y el coraz\u00f3n de P\u00e9rez Gay quedan como una sala aireada que recibe la visita de quienes se fueron antes.<\/p>\n\n\n\n<p>&#8220;Mis padres murieron hace 15 a\u00f1os; mi hermano, hace 10 y a veces vienen. Si se trata de escritores, debemos tener su obra; el gran Milan Kundera acaba de partir y yo tengo sus libros bien le\u00eddos y subrayados; una vez hablamos por tel\u00e9fono, yo con voz temblorosa en un franc\u00e9s roto; despu\u00e9s me escribi\u00f3 una carta&#8221;, confiesa.<\/p>\n","protected":false},"excerpt":{"rendered":"<p>El escritor mexicano Rafael P\u00e9rez Gay revel\u00f3 este domingo tener comunicaci\u00f3n con los seres queridos que abandonaron sus cuerpos, algunos de los cuales son protagonistas de &#8220;Todo de cristal&#8221;, su m\u00e1s reciente novela. &#8220;Mis muertos me visitan a menudo; los psicoanalistas dir\u00e1n que debemos hacer los duelos bien hechos o si no se quedan. Yo [&hellip;]<\/p>\n","protected":false},"author":80,"featured_media":280738,"comment_status":"closed","ping_status":"closed","sticky":false,"template":"","format":"standard","meta":{"footnotes":""},"categories":[41],"tags":[],"class_list":["post-280737","post","type-post","status-publish","format-standard","has-post-thumbnail","hentry","category-arteria-cultural"],"_links":{"self":[{"href":"https:\/\/plazajuarez.mx\/historico\/wp-json\/wp\/v2\/posts\/280737","targetHints":{"allow":["GET"]}}],"collection":[{"href":"https:\/\/plazajuarez.mx\/historico\/wp-json\/wp\/v2\/posts"}],"about":[{"href":"https:\/\/plazajuarez.mx\/historico\/wp-json\/wp\/v2\/types\/post"}],"author":[{"embeddable":true,"href":"https:\/\/plazajuarez.mx\/historico\/wp-json\/wp\/v2\/users\/80"}],"replies":[{"embeddable":true,"href":"https:\/\/plazajuarez.mx\/historico\/wp-json\/wp\/v2\/comments?post=280737"}],"version-history":[{"count":0,"href":"https:\/\/plazajuarez.mx\/historico\/wp-json\/wp\/v2\/posts\/280737\/revisions"}],"wp:featuredmedia":[{"embeddable":true,"href":"https:\/\/plazajuarez.mx\/historico\/wp-json\/wp\/v2\/media\/280738"}],"wp:attachment":[{"href":"https:\/\/plazajuarez.mx\/historico\/wp-json\/wp\/v2\/media?parent=280737"}],"wp:term":[{"taxonomy":"category","embeddable":true,"href":"https:\/\/plazajuarez.mx\/historico\/wp-json\/wp\/v2\/categories?post=280737"},{"taxonomy":"post_tag","embeddable":true,"href":"https:\/\/plazajuarez.mx\/historico\/wp-json\/wp\/v2\/tags?post=280737"}],"curies":[{"name":"wp","href":"https:\/\/api.w.org\/{rel}","templated":true}]}}