{"id":280713,"date":"2023-09-11T14:02:18","date_gmt":"2023-09-11T20:02:18","guid":{"rendered":"https:\/\/plazajuarez.mx\/?p=280713"},"modified":"2023-09-11T14:02:20","modified_gmt":"2023-09-11T20:02:20","slug":"colombia-advierte-desaceleracion-en-los-cultivos-de-coca-pese-a-llegar-a-un-maximo-historico","status":"publish","type":"post","link":"https:\/\/plazajuarez.mx\/historico\/colombia-advierte-desaceleracion-en-los-cultivos-de-coca-pese-a-llegar-a-un-maximo-historico\/","title":{"rendered":"Colombia advierte &#8220;desaceleraci\u00f3n&#8221; en los cultivos de coca, pese a llegar a un m\u00e1ximo hist\u00f3rico"},"content":{"rendered":"\n<p>&nbsp;El Gobierno colombiano advirti\u00f3 este lunes que se ha producido una &#8220;desaceleraci\u00f3n&#8221; en el crecimiento en los cultivos de coca, pese a que seg\u00fan el \u00faltimo informe de la ONU en 2022 se bati\u00f3 por segundo a\u00f1o consecutivo el n\u00famero de hect\u00e1reas de coca, llegando a las 230.000.<\/p>\n\n\n\n<p>&#8220;Tener el dato de que la hoja de coca cultivada aument\u00f3, pues quiere decir que aument\u00f3, pero tambi\u00e9n que desaceler\u00f3&#8221;, aleg\u00f3 el ministro de Justicia, N\u00e9stor Osuna, en la rueda de prensa de presentaci\u00f3n en el informe anual de la Oficina de la ONU para el Crimen y del Delito (Unodc, por sus siglas en ingl\u00e9s).<\/p>\n\n\n\n<p>El crecimiento en los cultivos en 2022 fue del 13 %, mientras que en 2021, cuando se registraron 204.000 hect\u00e1reas, fue del 41 %.<\/p>\n\n\n\n<p>&#8220;Se est\u00e1 aplanando la curva: pasar del 41 % al 13 % es significativo&#8221;, dijo Osuna, quien se mostr\u00f3 &#8220;preocupado&#8221; por las cifras, pero asegur\u00f3 que el &#8220;aplanamiento de la tendencia&#8221; indica que las pol\u00edticas del nuevo Gobierno funcionan, a pesar de que el nuevo Ejecutivo asumi\u00f3 en agosto de 2022.<\/p>\n\n\n\n<p>Adem\u00e1s, el coordinador del Sistema Integral de Monitoreo de Cultivos Il\u00edcitos (SIMCI, perteneciente a la Unodc), Leonardo Correa, se\u00f1al\u00f3 en la presentaci\u00f3n que el aumento de los cultivos de coca se ha concentrado sobre todo en el departamento de Putumayo, fronterizo con Per\u00fa y Ecuador.<\/p>\n\n\n\n<p>Sube la producci\u00f3n de coca\u00edna<\/p>\n\n\n\n<p>&#8220;Si uno mira Colombia sin Putumayo, uno tendr\u00eda un incremento del 3 %, es decir, una tendencia a la estabilidad&#8221;, aleg\u00f3 Correa, que adem\u00e1s destac\u00f3 que en solo el 14 % de los territorios donde hay coca se produce el 44 % de la coca\u00edna.<\/p>\n\n\n\n<p>&#8220;Esto implica que estas zonas no solo tienen m\u00e1s hect\u00e1reas sino que las hect\u00e1reas son m\u00e1s productivas&#8221;, destac\u00f3.<\/p>\n\n\n\n<p>En ese sentido, el experto de la Unodc aludi\u00f3 a que &#8220;si bien es cierto el ritmo de resembrada en coca se redujo, tambi\u00e9n es cierto que la producci\u00f3n potencial de coca\u00edna creci\u00f3 bastante porque los cultivos que el a\u00f1o pasado eran j\u00f3venes, ya son productivos&#8221;.<\/p>\n\n\n\n<p>Esto se refleja en un incremento del 24 % la producci\u00f3n potencial de clorhidrato de coca\u00edna, pues el a\u00f1o pasado fue de 1.738 toneladas y en 2021 hab\u00eda sido de 1.400 toneladas, seg\u00fan el informe.<\/p>\n\n\n\n<p>Y las zonas tanto de cultivo como de producci\u00f3n de pasta base y de coca\u00edna se han concentrado en las fronteras con Venezuela, Ecuador y Per\u00fa.<\/p>\n\n\n\n<p>&#8220;Los grupos ilegales prefieren generar dinero en lugar de mantener el control territorial. Esto contribuye a que las zonas estrat\u00e9gicas donde los cultivos de coca se ubican sean donde se facilita la producci\u00f3n y tr\u00e1fico, como las fronteras terrestres y mar\u00edtimas de Nari\u00f1o, Catatumbo y Putumayo&#8221;, explic\u00f3 la directora regional para la regi\u00f3n andina y cono sur de la Unodc, Candice Welsch.<\/p>\n\n\n\n<p>Cambio de narrativa<\/p>\n\n\n\n<p>La presentaci\u00f3n del informe ocurre unos d\u00edas despu\u00e9s de que Colombia haya presentado su nueva pol\u00edtica nacional de drogas, que busca dejar de perseguir al campesino, para ofrecerle soluciones de paso a econom\u00edas l\u00edcitas y centrarse en perseguir grandes organizaciones criminales.<\/p>\n\n\n\n<p>Seg\u00fan las cifras del informe, el a\u00f1o pasado fueron incautadas 106,7 toneladas de pasta base de coca\u00edna, lo que supuso un aumento del 20 % con respecto a las 88,6 toneladas del 2021. Para este a\u00f1o, el Gobierno quiere incautar 843 toneladas, lo que supondr\u00eda casi el 50 % de lo producido el pasado a\u00f1o.<\/p>\n\n\n\n<p>Sin embargo, las incautaciones de coca\u00edna se ubicaron en 659,1 toneladas en 2022, una ca\u00edda del 1,5 % frente al a\u00f1o antepasado, aunque el ministro de Justicia apunt\u00f3 que est\u00e1n disminuyendo los cargamentos de coca\u00edna y produci\u00e9ndola desde la pasta base en los pa\u00edses de llegada para bajar las p\u00e9rdidas.<\/p>\n\n\n\n<p>El s\u00e1bado, durante la Conferencia Latinoamericana y del Caribe sobre Drogas, el presidente colombiano, Gustavo Petro, se\u00f1al\u00f3 directamente a Estados Unidos, la UE y la ONU: &#8220;Nos da miedo decir que ustedes, que tienen la mayor parte de consumidores de esas drogas, est\u00e1n equivocados&#8221;, dijo frontalmente.<\/p>\n\n\n\n<p>La representante de la Unodc se deslig\u00f3 de las cr\u00edticas y asegur\u00f3 que las conversaciones regionales son importantes porque el problema es mundial.<\/p>\n\n\n\n<p>&#8220;Este es un momento muy oportuno para pensar en estrategias nuevas&#8221;, expres\u00f3 y subray\u00f3 que ven &#8220;con optimismo que la pol\u00edtica de drogas del gobierno de Colombia, socializada hace dos d\u00edas, cont\u00f3 con una construcci\u00f3n mucho m\u00e1s participativa, que acerca las perspectivas del Gobierno y la comunidad en esta materia&#8221;.<\/p>\n\n\n\n<p>En el mundo, seg\u00fan el Informe Mundial de Drogas de 2023, hay alrededor de 22 millones de consumidores de coca\u00edna, y el ministro critic\u00f3 que &#8220;lo que pasa es que cuando se saca los \u00edndices de consumidores no se acusa a ning\u00fan pa\u00eds&#8221;, como si se hace con el cultivo de hoja de coca y producci\u00f3n de coca\u00edna.<\/p>\n\n\n\n<p>&#8220;Colombia, al igual que Per\u00fa y Bolivia, est\u00e1 en el centro de esta din\u00e1mica, pero los dem\u00e1s pa\u00edses de la regi\u00f3n tambi\u00e9n lo est\u00e1n. Hace rato que la producci\u00f3n de coca\u00edna dej\u00f3 de ser un problema de los pa\u00edses donde est\u00e1n los principales cultivos de coca&#8221;, apunt\u00f3 por su parte Welsch.<\/p>\n","protected":false},"excerpt":{"rendered":"<p>&nbsp;El Gobierno colombiano advirti\u00f3 este lunes que se ha producido una &#8220;desaceleraci\u00f3n&#8221; en el crecimiento en los cultivos de coca, pese a que seg\u00fan el \u00faltimo informe de la ONU en 2022 se bati\u00f3 por segundo a\u00f1o consecutivo el n\u00famero de hect\u00e1reas de coca, llegando a las 230.000. &#8220;Tener el dato de que la hoja [&hellip;]<\/p>\n","protected":false},"author":80,"featured_media":280714,"comment_status":"closed","ping_status":"closed","sticky":false,"template":"","format":"standard","meta":{"footnotes":""},"categories":[31],"tags":[],"class_list":["post-280713","post","type-post","status-publish","format-standard","has-post-thumbnail","hentry","category-orbe"],"_links":{"self":[{"href":"https:\/\/plazajuarez.mx\/historico\/wp-json\/wp\/v2\/posts\/280713","targetHints":{"allow":["GET"]}}],"collection":[{"href":"https:\/\/plazajuarez.mx\/historico\/wp-json\/wp\/v2\/posts"}],"about":[{"href":"https:\/\/plazajuarez.mx\/historico\/wp-json\/wp\/v2\/types\/post"}],"author":[{"embeddable":true,"href":"https:\/\/plazajuarez.mx\/historico\/wp-json\/wp\/v2\/users\/80"}],"replies":[{"embeddable":true,"href":"https:\/\/plazajuarez.mx\/historico\/wp-json\/wp\/v2\/comments?post=280713"}],"version-history":[{"count":0,"href":"https:\/\/plazajuarez.mx\/historico\/wp-json\/wp\/v2\/posts\/280713\/revisions"}],"wp:featuredmedia":[{"embeddable":true,"href":"https:\/\/plazajuarez.mx\/historico\/wp-json\/wp\/v2\/media\/280714"}],"wp:attachment":[{"href":"https:\/\/plazajuarez.mx\/historico\/wp-json\/wp\/v2\/media?parent=280713"}],"wp:term":[{"taxonomy":"category","embeddable":true,"href":"https:\/\/plazajuarez.mx\/historico\/wp-json\/wp\/v2\/categories?post=280713"},{"taxonomy":"post_tag","embeddable":true,"href":"https:\/\/plazajuarez.mx\/historico\/wp-json\/wp\/v2\/tags?post=280713"}],"curies":[{"name":"wp","href":"https:\/\/api.w.org\/{rel}","templated":true}]}}