{"id":280705,"date":"2023-09-11T13:23:20","date_gmt":"2023-09-11T19:23:20","guid":{"rendered":"https:\/\/plazajuarez.mx\/?p=280705"},"modified":"2023-09-11T13:23:22","modified_gmt":"2023-09-11T19:23:22","slug":"agentes-hallan-178-migrantes-en-autobus-de-pasajeros-en-estado-mexicano-de-veracruz","status":"publish","type":"post","link":"https:\/\/plazajuarez.mx\/historico\/agentes-hallan-178-migrantes-en-autobus-de-pasajeros-en-estado-mexicano-de-veracruz\/","title":{"rendered":"Agentes hallan 178 migrantes en autob\u00fas de pasajeros en estado mexicano de Veracruz"},"content":{"rendered":"\n<p>Unos 178 migrantes, de los cuales 111 formaban parte de 43 familias originarias de Guatemala y Honduras, fueron hallados en un autob\u00fas de pasajeros particular en un carretera del estado mexicano de Veracruz (sureste), inform\u00f3 este lunes el Instituto Nacional de Migraci\u00f3n (INM) de M\u00e9xico<\/p>\n\n\n\n<p>Adem\u00e1s, se\u00f1al\u00f3 que con ellos viajaban seis menores de edad no acompa\u00f1ados provenientes de Guatemala, as\u00ed como 50 mujeres y hombres adultos solos provenientes de Guatemala, nueve de Ecuador, uno de Rep\u00fablica Dominicana y uno de El Salvador.<\/p>\n\n\n\n<p>En un comunicado, el INM, dependiente de la Secretar\u00eda de Gobernaci\u00f3n (Ministerio del Interior), dijo que durante las primeras horas de este lunes, agentes de la instituci\u00f3n identificaron el veh\u00edculo y al total de migrantes en la caseta de cuota del municipio de Las Choapas, Veracruz.<\/p>\n\n\n\n<p>Explicaron que agentes le marcaron el alto al conductor del autob\u00fas y al momento de entrevistar a los pasajeros, \u00e9stos mencionaron ser extranjeros y no portar documentos migratorios.<\/p>\n\n\n\n<p>Tras el hallazgo los migrantes fueron trasladados a una sede migratoria del estado entidad donde se identific\u00f3 a los seis menores de edad no acompa\u00f1ados, as\u00ed como tres n\u00facleos familiares (tres adultos y tres menores) de Honduras y 40 grupos familiares (105 adultos con ni\u00f1as y ni\u00f1os) de Guatemala, quienes quedar\u00e1n bajo la tutela y cuidado del Sistema para el Desarrollo Integral de la Familia (DIF) estatal.<\/p>\n\n\n\n<p>Mientras que en el caso de los mayores de edad de Guatemala, Ecuador, Rep\u00fablica Dominicana y El Salvador se iniciar\u00e1 el procedimiento administrativo correspondiente para determinar su condici\u00f3n jur\u00eddica en el pa\u00eds.<\/p>\n\n\n\n<p>El INM indic\u00f3 que el conductor, dos acompa\u00f1antes y la unidad de transporte fueron puestos a disposici\u00f3n de la delegaci\u00f3n de la Fiscal\u00eda General de la Rep\u00fablica (FGR) de Veracruz.<\/p>\n\n\n\n<p>Viajar hacinados dentro de furgonetas, tr\u00e1ileres y autobuses es una de las formas m\u00e1s peligrosas que usan los migrantes para cruzar clandestinamente M\u00e9xico, rumbo a Estados Unidos, viajes clandestinos por lo que pagan miles de d\u00f3lares a los traficantes.<\/p>\n\n\n\n<p>En los \u00faltimos meses M\u00e9xico ha registrado el arribo de migrantes pr\u00e1cticamente de todas las regiones del mundo, principalmente Centro y Suram\u00e9rica, lo cual refleja el in\u00e9dito flujo migratorio, con m\u00e1s de 2,76 millones de migrantes indocumentados interceptados por Estados Unidos en la frontera en el a\u00f1o fiscal 2022.<\/p>\n\n\n\n<p>Tras el fin del T\u00edtulo 42, el Gobierno estadounidense aplica el T\u00edtulo 8, que agrava las sanciones para aquellos que crucen la frontera de forma ilegal.<\/p>\n","protected":false},"excerpt":{"rendered":"<p>Unos 178 migrantes, de los cuales 111 formaban parte de 43 familias originarias de Guatemala y Honduras, fueron hallados en un autob\u00fas de pasajeros particular en un carretera del estado mexicano de Veracruz (sureste), inform\u00f3 este lunes el Instituto Nacional de Migraci\u00f3n (INM) de M\u00e9xico Adem\u00e1s, se\u00f1al\u00f3 que con ellos viajaban seis menores de edad [&hellip;]<\/p>\n","protected":false},"author":80,"featured_media":280706,"comment_status":"closed","ping_status":"closed","sticky":false,"template":"","format":"standard","meta":{"footnotes":""},"categories":[36],"tags":[],"class_list":["post-280705","post","type-post","status-publish","format-standard","has-post-thumbnail","hentry","category-nacion"],"_links":{"self":[{"href":"https:\/\/plazajuarez.mx\/historico\/wp-json\/wp\/v2\/posts\/280705","targetHints":{"allow":["GET"]}}],"collection":[{"href":"https:\/\/plazajuarez.mx\/historico\/wp-json\/wp\/v2\/posts"}],"about":[{"href":"https:\/\/plazajuarez.mx\/historico\/wp-json\/wp\/v2\/types\/post"}],"author":[{"embeddable":true,"href":"https:\/\/plazajuarez.mx\/historico\/wp-json\/wp\/v2\/users\/80"}],"replies":[{"embeddable":true,"href":"https:\/\/plazajuarez.mx\/historico\/wp-json\/wp\/v2\/comments?post=280705"}],"version-history":[{"count":0,"href":"https:\/\/plazajuarez.mx\/historico\/wp-json\/wp\/v2\/posts\/280705\/revisions"}],"wp:featuredmedia":[{"embeddable":true,"href":"https:\/\/plazajuarez.mx\/historico\/wp-json\/wp\/v2\/media\/280706"}],"wp:attachment":[{"href":"https:\/\/plazajuarez.mx\/historico\/wp-json\/wp\/v2\/media?parent=280705"}],"wp:term":[{"taxonomy":"category","embeddable":true,"href":"https:\/\/plazajuarez.mx\/historico\/wp-json\/wp\/v2\/categories?post=280705"},{"taxonomy":"post_tag","embeddable":true,"href":"https:\/\/plazajuarez.mx\/historico\/wp-json\/wp\/v2\/tags?post=280705"}],"curies":[{"name":"wp","href":"https:\/\/api.w.org\/{rel}","templated":true}]}}