{"id":280702,"date":"2023-09-11T13:18:22","date_gmt":"2023-09-11T19:18:22","guid":{"rendered":"https:\/\/plazajuarez.mx\/?p=280702"},"modified":"2023-09-11T13:18:24","modified_gmt":"2023-09-11T19:18:24","slug":"con-un-nuevo-monumento-recuerdan-en-florida-el-aniversario-22-de-los-atentados-del-11-s","status":"publish","type":"post","link":"https:\/\/plazajuarez.mx\/historico\/con-un-nuevo-monumento-recuerdan-en-florida-el-aniversario-22-de-los-atentados-del-11-s\/","title":{"rendered":"Con un nuevo monumento recuerdan en Florida el aniversario 22 de los atentados del 11-S"},"content":{"rendered":"\n<p>Residentes y autoridades de la ciudad floridana de Miramar, al norte de Miami, recordaron este lunes el 22 aniversario de los atentados del 11-S contra el World Trade Center de Nueva York con la inauguraci\u00f3n de un monumento en honor a las v\u00edctimas, consistente en dos vigas de acero recuperadas de las ruinas.<\/p>\n\n\n\n<p>Este lunes por la ma\u00f1ana el alcalde de Miramar, Wayne Messam, y autoridades de la urbe develaron el monumento, dos grandes vigas de acero que la Autoridad Portuaria de Nueva York regal\u00f3 a esta ciudad del condado de Broward en recuerdo de las 2.996 personas que hace 22 a\u00f1os perdieron sus vidas en el atentado.<\/p>\n\n\n\n<p>&#8220;Es escalofriante mirar a lo alto de esas vigas y pensar en c\u00f3mo cedieron (&#8230;) Tenemos que seguir recordando que la libertad no es gratis&#8221;, dijo Messan tras guardar dos minutos de silencio en recuerdo de las v\u00edctimas, seg\u00fan recogi\u00f3 el canal Local 10 News.<\/p>\n\n\n\n<p>El jefe del cuerpo de Bomberos de Miramar, Ray P\u00e9rez, dijo en la ceremonia que el monumento es un &#8220;s\u00edmbolo de lo que representamos&#8221;, un monumento que se convertir\u00e1 en un &#8220;lugar donde poder venir y reflexionar&#8221;, a\u00f1adi\u00f3, por su parte, la vicealcaldesa de la citada urbe, Alexandra Davis.<\/p>\n\n\n\n<p>P\u00e9rez y los bomberos locales recordaron con dolor ese momento hist\u00f3rico y de manera especial a los 343 compa\u00f1eros del Departamento de Bomberos de Nueva York que sacrificaron sus vidas en las tareas de rescate.<\/p>\n\n\n\n<p>&#8220;Nos reunimos para conmemorar los tr\u00e1gicos acontecimientos del 11 de septiembre de 2001, pero tambi\u00e9n nos unimos para inaugurar un s\u00edmbolo de resiliencia, coraje y unidad&#8221;, dijo P\u00e9rez.<\/p>\n\n\n\n<p>Hoy mismo tambi\u00e9n la ciudad de Hialeah conmemor\u00f3 este suceso tr\u00e1gico con un acto de recuerdo en su estaci\u00f3n de bomberos, mientras que el Aeropuerto Internacional Fort Lauderdale-Hollywood (FLL), en el condado de Broward, acogi\u00f3 la ceremonia &#8220;FLL nunca olvida&#8221; para honrar a la v\u00edctimas de los ataques terroristas.<\/p>\n\n\n\n<p>Estados Unidos conmemora este lunes el 22 aniversario del atentado contra las Torres Gemelas del World Trade Center -adem\u00e1s del perpetrado contra el Pent\u00e1gono y un tercero frustrado en Pensilvania-, que cambiaron la historia contempor\u00e1nea y obligaron a extremar las medidas de seguridad en el mundo entero<\/p>\n","protected":false},"excerpt":{"rendered":"<p>Residentes y autoridades de la ciudad floridana de Miramar, al norte de Miami, recordaron este lunes el 22 aniversario de los atentados del 11-S contra el World Trade Center de Nueva York con la inauguraci\u00f3n de un monumento en honor a las v\u00edctimas, consistente en dos vigas de acero recuperadas de las ruinas. Este lunes [&hellip;]<\/p>\n","protected":false},"author":80,"featured_media":280703,"comment_status":"closed","ping_status":"closed","sticky":false,"template":"","format":"standard","meta":{"footnotes":""},"categories":[31],"tags":[],"class_list":["post-280702","post","type-post","status-publish","format-standard","has-post-thumbnail","hentry","category-orbe"],"_links":{"self":[{"href":"https:\/\/plazajuarez.mx\/historico\/wp-json\/wp\/v2\/posts\/280702","targetHints":{"allow":["GET"]}}],"collection":[{"href":"https:\/\/plazajuarez.mx\/historico\/wp-json\/wp\/v2\/posts"}],"about":[{"href":"https:\/\/plazajuarez.mx\/historico\/wp-json\/wp\/v2\/types\/post"}],"author":[{"embeddable":true,"href":"https:\/\/plazajuarez.mx\/historico\/wp-json\/wp\/v2\/users\/80"}],"replies":[{"embeddable":true,"href":"https:\/\/plazajuarez.mx\/historico\/wp-json\/wp\/v2\/comments?post=280702"}],"version-history":[{"count":0,"href":"https:\/\/plazajuarez.mx\/historico\/wp-json\/wp\/v2\/posts\/280702\/revisions"}],"wp:featuredmedia":[{"embeddable":true,"href":"https:\/\/plazajuarez.mx\/historico\/wp-json\/wp\/v2\/media\/280703"}],"wp:attachment":[{"href":"https:\/\/plazajuarez.mx\/historico\/wp-json\/wp\/v2\/media?parent=280702"}],"wp:term":[{"taxonomy":"category","embeddable":true,"href":"https:\/\/plazajuarez.mx\/historico\/wp-json\/wp\/v2\/categories?post=280702"},{"taxonomy":"post_tag","embeddable":true,"href":"https:\/\/plazajuarez.mx\/historico\/wp-json\/wp\/v2\/tags?post=280702"}],"curies":[{"name":"wp","href":"https:\/\/api.w.org\/{rel}","templated":true}]}}