{"id":280613,"date":"2023-09-11T08:09:00","date_gmt":"2023-09-11T14:09:00","guid":{"rendered":"https:\/\/plazajuarez.mx\/?p=280613"},"modified":"2023-09-11T01:56:26","modified_gmt":"2023-09-11T07:56:26","slug":"dan-prision-vitalicia-a-los-integrantes-de-una-banda-que-mataron-a-policias","status":"publish","type":"post","link":"https:\/\/plazajuarez.mx\/historico\/dan-prision-vitalicia-a-los-integrantes-de-una-banda-que-mataron-a-policias\/","title":{"rendered":"Dan prisi\u00f3n vitalicia a los integrantes\u00a0de una banda que mataron a polic\u00edas"},"content":{"rendered":"\n<p>Cuatro integrantes de una organizaci\u00f3n criminal que participaron en el homicidio de ocho elementos de la Secretar\u00eda de Seguridad estatal (SSEM) y de cinco agentes de la Fiscal\u00eda General de Justicia del Estado de M\u00e9xico, ocurrido en el 2021 en el municipio de Coatepec Harinas, fueron sentenciados a prisi\u00f3n vitalicia por un juez del Poder Judicial mexiquense<\/p>\n\n\n\n<p>Jos\u00e9 Juan Ceballos Gonz\u00e1lez, Luis Enrique S\u00e1nchez Armenta, Juan Pedro D\u00edaz Armenta y Jos\u00e9 Rodrigo Guadarrama T\u00e9llez, seg\u00fan la imputaci\u00f3n de la fiscal\u00eda estatal son responsables de los asesinatos de los 13 integrantes de las corporaciones, el 18 de marzo del 2021, cuando los emboscaron en la carretera San Alejo-Puente de los Sabinos, en Coatepec Harinas.<\/p>\n\n\n\n<p>El impartidor de justicia con sede en Otumba, determin\u00f3 adem\u00e1s que los cuatro condenados deber\u00e1n pagar multas de 448 mil 100 pesos y 2 millones 667 mil 987 pesos como reparaci\u00f3n del da\u00f1o moral y material.<\/p>\n\n\n\n<p>El 18 de marzo de 2021, los elementos Dar\u00edo Juan Mesas Morales, Alejandro Lovera Hern\u00e1ndez, Mauricio Rodr\u00edguez Zarate, V\u00edctor Manuel Garc\u00eda V\u00e1zquez, Abraham Hip\u00f3lito Legorreta, Juan Carlos Villalobos Bola\u00f1os, Jonathan Enrique Lazcano Gonz\u00e1lez, Mart\u00edn Solares Morales, Jos\u00e9 Luis G\u00f3mora Bernal, Ernesto Mondrag\u00f3n Ram\u00edrez, Guillermo Torres Mixteco, Ricardo Mondrag\u00f3n Ram\u00edrez y David Pedroza Guadarrama, realizaban una acci\u00f3n operativa en la carretera San Alejo-Puente de los Sabinos, en la localidad Puerta del Carmen, municipio de Coatepec Harinas.<\/p>\n\n\n\n<p>En ese sitio, un grupo de aproximadamente 25 sujetos, entre ellos los ahora sentenciados, integrantes de una c\u00e9lula criminal, detonaron armas de fuego en contra de los 13 servidores p\u00fablicos, quienes fallecieron, adem\u00e1s hurtaron las armas de cargo de las v\u00edctimas.<\/p>\n\n\n\n<p>Despu\u00e9s del ataque, la FGJEM llev\u00f3 a cabo actos de investigaci\u00f3n de gabinete y campo que llevaron a la identificaci\u00f3n de estos cuatro implicados, los cuales posteriormente fueron detenidos por elementos de la Polic\u00eda de Investigaci\u00f3n (PDI) en acciones distintas.<\/p>\n\n\n\n<p>Jos\u00e9 Juan Ceballos Gonz\u00e1lez, Luis Enrique S\u00e1nchez Armenta, Juan Pedro D\u00edaz Armenta y Jos\u00e9 Rodrigo Guadarrama T\u00e9llez, por su grado de peligrosidad, fueron ingresados al Centro Penitenciario y de Reinserci\u00f3n Social de Otumba, donde quedaron a disposici\u00f3n de un juez, quien les dict\u00f3 esta sentencia de prisi\u00f3n vitalicia por los delitos de homicidio calificado y robo.<\/p>\n","protected":false},"excerpt":{"rendered":"<p>Cuatro integrantes de una organizaci\u00f3n criminal que participaron en el homicidio de ocho elementos de la Secretar\u00eda de Seguridad estatal (SSEM) y de cinco agentes de la Fiscal\u00eda General de Justicia del Estado de M\u00e9xico, ocurrido en el 2021 en el municipio de Coatepec Harinas, fueron sentenciados a prisi\u00f3n vitalicia por un juez del Poder [&hellip;]<\/p>\n","protected":false},"author":81,"featured_media":280614,"comment_status":"closed","ping_status":"closed","sticky":false,"template":"","format":"standard","meta":{"footnotes":""},"categories":[37],"tags":[],"class_list":["post-280613","post","type-post","status-publish","format-standard","has-post-thumbnail","hentry","category-barandilla"],"_links":{"self":[{"href":"https:\/\/plazajuarez.mx\/historico\/wp-json\/wp\/v2\/posts\/280613","targetHints":{"allow":["GET"]}}],"collection":[{"href":"https:\/\/plazajuarez.mx\/historico\/wp-json\/wp\/v2\/posts"}],"about":[{"href":"https:\/\/plazajuarez.mx\/historico\/wp-json\/wp\/v2\/types\/post"}],"author":[{"embeddable":true,"href":"https:\/\/plazajuarez.mx\/historico\/wp-json\/wp\/v2\/users\/81"}],"replies":[{"embeddable":true,"href":"https:\/\/plazajuarez.mx\/historico\/wp-json\/wp\/v2\/comments?post=280613"}],"version-history":[{"count":0,"href":"https:\/\/plazajuarez.mx\/historico\/wp-json\/wp\/v2\/posts\/280613\/revisions"}],"wp:featuredmedia":[{"embeddable":true,"href":"https:\/\/plazajuarez.mx\/historico\/wp-json\/wp\/v2\/media\/280614"}],"wp:attachment":[{"href":"https:\/\/plazajuarez.mx\/historico\/wp-json\/wp\/v2\/media?parent=280613"}],"wp:term":[{"taxonomy":"category","embeddable":true,"href":"https:\/\/plazajuarez.mx\/historico\/wp-json\/wp\/v2\/categories?post=280613"},{"taxonomy":"post_tag","embeddable":true,"href":"https:\/\/plazajuarez.mx\/historico\/wp-json\/wp\/v2\/tags?post=280613"}],"curies":[{"name":"wp","href":"https:\/\/api.w.org\/{rel}","templated":true}]}}