{"id":280610,"date":"2023-09-11T08:08:00","date_gmt":"2023-09-11T14:08:00","guid":{"rendered":"https:\/\/plazajuarez.mx\/?p=280610"},"modified":"2023-09-11T01:49:19","modified_gmt":"2023-09-11T07:49:19","slug":"la-guardia-nacional-auxilia-a-mas-de-600-personas-migrantes-en-sonora","status":"publish","type":"post","link":"https:\/\/plazajuarez.mx\/historico\/la-guardia-nacional-auxilia-a-mas-de-600-personas-migrantes-en-sonora\/","title":{"rendered":"La Guardia Nacional auxilia a m\u00e1s de\u00a0600 personas migrantes, en Sonora"},"content":{"rendered":"\n<p>Elementos de la Guardia Nacional (GN) en coordinaci\u00f3n con el Instituto Nacional de Migraci\u00f3n (INM), auxiliaron en un periodo de seis d\u00edas a 603 personas migrantes procedentes de Asia, \u00c1frica y Am\u00e9rica.<\/p>\n\n\n\n<p>Las acciones de rescate humanitario se llevaron a cabo en carreteras de los municipios de Santa Ana y San Luis R\u00edo Colorado, Sonora, donde los elementos de seguridad realizaban labores de vigilancia y prevenci\u00f3n del delito, acompa\u00f1ados por personal del Instituto Nacional de Migraci\u00f3n (INM).<\/p>\n\n\n\n<p>En distintos hechos, efectuaron revisiones a autobuses de pasajeros y veh\u00edculos de carga donde localizaron a un total de 603 personas migrantes, originarias de pa\u00edses como Angola, Bangladesh, Brasil, Burkina Faso, Camer\u00fan, China, Colombia, Costa Rica, Ecuador, Guatemala, Guinea, Honduras, India, Mauritania, Nepal, Nicaragua, Nigeria, Per\u00fa, Senegal, Hait\u00ed, El Congo, Ghana, Mal\u00ed y Venezuela.<\/p>\n\n\n\n<p>Las personas, entre las cuales estaban 72 menores de edad, no contaban con la documentaci\u00f3n para acreditar su estancia legal en M\u00e9xico y, en algunos casos, requirieron apoyo m\u00e9dico al presentar cuadros de deshidrataci\u00f3n y problemas digestivos o respiratorios.<\/p>\n\n\n\n<p>Destaca el caso registrado en San Luis R\u00edo Colorado, donde guardias nacionales localizaron a cuatro personas de origen chino, quienes fueron abandonadas en la carretera sin agua ni alimento suficiente, por lo que se les brind\u00f3 la atenci\u00f3n correspondiente.<\/p>\n\n\n\n<p>Las personas migrantes fueron trasladadas a las instalaciones del Instituto Nacional de Migraci\u00f3n en Hermosillo, donde recibieron alimento y asistencia m\u00e9dica, adem\u00e1s de orientaci\u00f3n sobre los tr\u00e1mites migratorios que deben realizar mientras se define su situaci\u00f3n jur\u00eddica en el pa\u00eds.<\/p>\n","protected":false},"excerpt":{"rendered":"<p>Elementos de la Guardia Nacional (GN) en coordinaci\u00f3n con el Instituto Nacional de Migraci\u00f3n (INM), auxiliaron en un periodo de seis d\u00edas a 603 personas migrantes procedentes de Asia, \u00c1frica y Am\u00e9rica. Las acciones de rescate humanitario se llevaron a cabo en carreteras de los municipios de Santa Ana y San Luis R\u00edo Colorado, Sonora, [&hellip;]<\/p>\n","protected":false},"author":81,"featured_media":280611,"comment_status":"closed","ping_status":"closed","sticky":false,"template":"","format":"standard","meta":{"footnotes":""},"categories":[37],"tags":[],"class_list":["post-280610","post","type-post","status-publish","format-standard","has-post-thumbnail","hentry","category-barandilla"],"_links":{"self":[{"href":"https:\/\/plazajuarez.mx\/historico\/wp-json\/wp\/v2\/posts\/280610","targetHints":{"allow":["GET"]}}],"collection":[{"href":"https:\/\/plazajuarez.mx\/historico\/wp-json\/wp\/v2\/posts"}],"about":[{"href":"https:\/\/plazajuarez.mx\/historico\/wp-json\/wp\/v2\/types\/post"}],"author":[{"embeddable":true,"href":"https:\/\/plazajuarez.mx\/historico\/wp-json\/wp\/v2\/users\/81"}],"replies":[{"embeddable":true,"href":"https:\/\/plazajuarez.mx\/historico\/wp-json\/wp\/v2\/comments?post=280610"}],"version-history":[{"count":0,"href":"https:\/\/plazajuarez.mx\/historico\/wp-json\/wp\/v2\/posts\/280610\/revisions"}],"wp:featuredmedia":[{"embeddable":true,"href":"https:\/\/plazajuarez.mx\/historico\/wp-json\/wp\/v2\/media\/280611"}],"wp:attachment":[{"href":"https:\/\/plazajuarez.mx\/historico\/wp-json\/wp\/v2\/media?parent=280610"}],"wp:term":[{"taxonomy":"category","embeddable":true,"href":"https:\/\/plazajuarez.mx\/historico\/wp-json\/wp\/v2\/categories?post=280610"},{"taxonomy":"post_tag","embeddable":true,"href":"https:\/\/plazajuarez.mx\/historico\/wp-json\/wp\/v2\/tags?post=280610"}],"curies":[{"name":"wp","href":"https:\/\/api.w.org\/{rel}","templated":true}]}}