{"id":280603,"date":"2023-09-11T08:06:00","date_gmt":"2023-09-11T14:06:00","guid":{"rendered":"https:\/\/plazajuarez.mx\/?p=280603"},"modified":"2023-09-11T01:36:08","modified_gmt":"2023-09-11T07:36:08","slug":"denunciaron-la-desaparicion-de-seis-personas","status":"publish","type":"post","link":"https:\/\/plazajuarez.mx\/historico\/denunciaron-la-desaparicion-de-seis-personas\/","title":{"rendered":"Denunciaron la desaparici\u00f3n de seis personas"},"content":{"rendered":"\n<p>A las instalaciones de la Procuradur\u00eda General de Justicia del estado de Hidalgo (PGJEH), acudieron familiares de seis personas, tres de ellas mujeres, para denunciar su desaparici\u00f3n y pedir apoyo para tratar de localizarlas lo m\u00e1s pronto posible.<\/p>\n\n\n\n<p>Arely Yuridia Maya Mart\u00ednez de 16 a\u00f1os de edad, se encuentra desaparecida y se sabe que fue vista la \u00faltima vez en la combi del servicio p\u00fablico que va de Tula a Atotonilco de Tula, llevaba consigo bolsas de ropa, se dice que sali\u00f3 este s\u00e1bado y aunque dijo que no se tardaba, es la hora en que no regresa.<\/p>\n\n\n\n<p>Tambi\u00e9n se pide la colaboraci\u00f3n para realizar la difusi\u00f3n de la Ficha de B\u00fasqueda que se expidi\u00f3 en favor de Mar\u00eda Bel\u00e9n Romero Soto de 18 a\u00f1os, quien fue vista por \u00faltima vez en Atotonilco el Grande y desde el tres de septiembre de 2023 no se sabe nada de ella.<\/p>\n\n\n\n<p>Adem\u00e1s la PGJEH, activ\u00f3 la Ficha de B\u00fasqueda para tratar de localizar a quien responde al nombre de Mar\u00eda Victoria Castel\u00e1n Escalante de 32 a\u00f1os de edad, quien fue vista por \u00faltima vez en Epazoyucan el pasado nueve de julio.<\/p>\n\n\n\n<p>Otro de los desaparecidos es Uri Hern\u00e1ndez Rosales de 21 a\u00f1os, quien sali\u00f3 de su domicilio ubicado en Pachuca el 2 de septiembre de 2023 y desde entonces se desconoce d\u00f3nde y c\u00f3mo pueda encontrarse.<\/p>\n\n\n\n<p>Otra ficha de b\u00fasqueda se emiti\u00f3 en favor de Sergio Jos\u00e9 Osorio Campero de 18 a\u00f1os, quien fue visto por \u00faltima vez en Mineral de la Reforma, el nueve de septiembre de 2023.<\/p>\n\n\n\n<p>Finalmente, de Aaron Jos\u00e9 Avenda\u00f1o Trejo de 35 a\u00f1os, se dice que fue visto por \u00faltima vez en Tecozautla el 31 de agosto de 2023 y desde entonces se desconoce su paradero.<\/p>\n","protected":false},"excerpt":{"rendered":"<p>A las instalaciones de la Procuradur\u00eda General de Justicia del estado de Hidalgo (PGJEH), acudieron familiares de seis personas, tres de ellas mujeres, para denunciar su desaparici\u00f3n y pedir apoyo para tratar de localizarlas lo m\u00e1s pronto posible. Arely Yuridia Maya Mart\u00ednez de 16 a\u00f1os de edad, se encuentra desaparecida y se sabe que fue [&hellip;]<\/p>\n","protected":false},"author":93,"featured_media":280605,"comment_status":"closed","ping_status":"closed","sticky":false,"template":"","format":"standard","meta":{"footnotes":""},"categories":[37],"tags":[],"class_list":["post-280603","post","type-post","status-publish","format-standard","has-post-thumbnail","hentry","category-barandilla"],"_links":{"self":[{"href":"https:\/\/plazajuarez.mx\/historico\/wp-json\/wp\/v2\/posts\/280603","targetHints":{"allow":["GET"]}}],"collection":[{"href":"https:\/\/plazajuarez.mx\/historico\/wp-json\/wp\/v2\/posts"}],"about":[{"href":"https:\/\/plazajuarez.mx\/historico\/wp-json\/wp\/v2\/types\/post"}],"author":[{"embeddable":true,"href":"https:\/\/plazajuarez.mx\/historico\/wp-json\/wp\/v2\/users\/93"}],"replies":[{"embeddable":true,"href":"https:\/\/plazajuarez.mx\/historico\/wp-json\/wp\/v2\/comments?post=280603"}],"version-history":[{"count":0,"href":"https:\/\/plazajuarez.mx\/historico\/wp-json\/wp\/v2\/posts\/280603\/revisions"}],"wp:featuredmedia":[{"embeddable":true,"href":"https:\/\/plazajuarez.mx\/historico\/wp-json\/wp\/v2\/media\/280605"}],"wp:attachment":[{"href":"https:\/\/plazajuarez.mx\/historico\/wp-json\/wp\/v2\/media?parent=280603"}],"wp:term":[{"taxonomy":"category","embeddable":true,"href":"https:\/\/plazajuarez.mx\/historico\/wp-json\/wp\/v2\/categories?post=280603"},{"taxonomy":"post_tag","embeddable":true,"href":"https:\/\/plazajuarez.mx\/historico\/wp-json\/wp\/v2\/tags?post=280603"}],"curies":[{"name":"wp","href":"https:\/\/api.w.org\/{rel}","templated":true}]}}